{"id":41574,"date":"2025-11-13T18:25:04","date_gmt":"2025-11-13T18:25:04","guid":{"rendered":"https:\/\/radiocresatelital.com\/?p=41574"},"modified":"2025-11-13T18:25:04","modified_gmt":"2025-11-13T18:25:04","slug":"claudio-jose-tenicela-gallardo-mejor-jugador-del-ano-2025-en-tenis","status":"publish","type":"post","link":"https:\/\/radiocresatelital.com\/?p=41574","title":{"rendered":"Claudio Jos\u00e9 Tenicela Gallardo mejor jugador del a\u00f1o 2025 en tenis"},"content":{"rendered":"<p>Machala.- El deportista de la academia de tenis de Orense Sporting Club, Claudio Jos\u00e9 Tenicela fue galardonado por la Federaci\u00f3n Ecuatoria de Tenis como el mejor Jugador del a\u00f1o 2025, siendo la raqueta #1 del Ranking Nacional en su categoria 14 a\u00f1os, y tambi\u00e9n recibi\u00f3 una medalla por ser el #3 a nivel nacional en la categoria 16 a\u00f1os.<\/p>\n<p>Tenicela disput\u00f3 3 finales jugando en las 2 categor\u00edas, de 14 y 16 a\u00f1os del torneo Absoluto Copa FET, en donde participan los 16 mejores jugadores de cada categor\u00eda, obteniendo el campeonato en dobles junto a su compa\u00f1ero Thiago Lalama, de Pichincha, y el vicecampeonato en singles de las dos categor\u00edas U14 y U16, consolid\u00e1ndolo en la cima del Ranking Nacional.<br \/>\nEste torneo se desarroll\u00f3 en la ciudad de Guayaquil del 8 al 12 de Noviembre en el Anexo Club de Samborond\u00f3n.<\/p>\n<p>Claudio estuvo acompa\u00f1ado de su coaching Nicolas Fuenmayor y su padre el Abg. Claudio Tenicela, quienes estuvieron guiando y preparando a Claudio en todas estas largas jornadas de competencia. El entrenador es parte del equipo de competencia de la Academia de tenis de Orense S.C.<\/p>\n<p>El \u201cjaguar\u201d, como es conocido el tenista orense, cierra un a\u00f1o de importantes logros ten\u00edsticos, enriqueciendo su palmar\u00e9s deportivo y proyectando su futuro en el deporte blanco.<\/p>\n<p>El tenista del club \u201cbananero\u201d continuar\u00e1 con sus entrenamientos en las 6 canchas de tenis del Complejo Deportivo Euclides Palacios, en la ciudad de Machala.<\/p>\n","protected":false},"excerpt":{"rendered":"<p>Machala.- El deportista de la academia de tenis de Orense Sporting Club, Claudio Jos\u00e9 Tenicela fue galardonado por la Federaci\u00f3n Ecuatoria de Tenis como el mejor Jugador del a\u00f1o 2025, siendo la raqueta #1 del Ranking Nacional en su categoria 14 a\u00f1os, y tambi\u00e9n recibi\u00f3 una medalla por ser el #3 a nivel nacional en [&hellip;]<\/p>\n","protected":false},"author":2,"featured_media":41575,"comment_status":"open","ping_status":"closed","sticky":false,"template":"","format":"standard","meta":{"_jetpack_memberships_contains_paid_content":false,"footnotes":""},"categories":[9,64],"tags":[6649,5250],"class_list":["post-41574","post","type-post","status-publish","format-standard","has-post-thumbnail","hentry","category-deportes","category-tenis","tag-claudio-jose-tenicela","tag-orense-sporting-club"],"jetpack_featured_media_url":"https:\/\/radiocresatelital.com\/wp-content\/uploads\/2025\/11\/WhatsApp-Image-2025-11-13-at-13.11.30.jpeg","jetpack_sharing_enabled":true,"_links":{"self":[{"href":"https:\/\/radiocresatelital.com\/index.php?rest_route=\/wp\/v2\/posts\/41574","targetHints":{"allow":["GET"]}}],"collection":[{"href":"https:\/\/radiocresatelital.com\/index.php?rest_route=\/wp\/v2\/posts"}],"about":[{"href":"https:\/\/radiocresatelital.com\/index.php?rest_route=\/wp\/v2\/types\/post"}],"author":[{"embeddable":true,"href":"https:\/\/radiocresatelital.com\/index.php?rest_route=\/wp\/v2\/users\/2"}],"replies":[{"embeddable":true,"href":"https:\/\/radiocresatelital.com\/index.php?rest_route=%2Fwp%2Fv2%2Fcomments&post=41574"}],"version-history":[{"count":1,"href":"https:\/\/radiocresatelital.com\/index.php?rest_route=\/wp\/v2\/posts\/41574\/revisions"}],"predecessor-version":[{"id":41576,"href":"https:\/\/radiocresatelital.com\/index.php?rest_route=\/wp\/v2\/posts\/41574\/revisions\/41576"}],"wp:featuredmedia":[{"embeddable":true,"href":"https:\/\/radiocresatelital.com\/index.php?rest_route=\/wp\/v2\/media\/41575"}],"wp:attachment":[{"href":"https:\/\/radiocresatelital.com\/index.php?rest_route=%2Fwp%2Fv2%2Fmedia&parent=41574"}],"wp:term":[{"taxonomy":"category","embeddable":true,"href":"https:\/\/radiocresatelital.com\/index.php?rest_route=%2Fwp%2Fv2%2Fcategories&post=41574"},{"taxonomy":"post_tag","embeddable":true,"href":"https:\/\/radiocresatelital.com\/index.php?rest_route=%2Fwp%2Fv2%2Ftags&post=41574"}],"curies":[{"name":"wp","href":"https:\/\/api.w.org\/{rel}","templated":true}]}}