{"id":41571,"date":"2025-11-13T18:19:11","date_gmt":"2025-11-13T18:19:11","guid":{"rendered":"https:\/\/radiocresatelital.com\/?p=41571"},"modified":"2025-11-13T18:19:11","modified_gmt":"2025-11-13T18:19:11","slug":"llamado-al-dialogo-por-el-deporte-nacional","status":"publish","type":"post","link":"https:\/\/radiocresatelital.com\/?p=41571","title":{"rendered":"Llamado al di\u00e1logo por el deporte nacional"},"content":{"rendered":"<p>Guayaquil.- El Comit\u00e9 Ol\u00edmpico Ecuatoriano expresa profunda preocupaci\u00f3n por las recientes declaraciones del viceministro del Deporte, <strong>Jos\u00e9 David Jim\u00e9nez<\/strong>\u00a0sobre el registro de la directiva 2025-2029 del organismo encabezada por\u00a0<strong>Jorge Delgado<\/strong>\u00a0y\u00a0<strong>Jefferson P\u00e9rez<\/strong>.<\/p>\n<p>Estas posturas suponen una intenci\u00f3n de desconocer la autonom\u00eda del organismo, la\u00a0<strong>Carta Ol\u00edmpica<\/strong>, que proh\u00edbe toda injerencia gubernamental, y las decisiones del\u00a0<strong>Comit\u00e9 Ol\u00edmpico Internacional (COI)<\/strong>, m\u00e1xima autoridad del movimiento ol\u00edmpico, que reconoci\u00f3 y valid\u00f3 a trav\u00e9s de una veedur\u00eda internacional el proceso eleccionario correspondiente.<\/p>\n<p>Ignorar principios de la carta ol\u00edmpica y disposiciones del COI pueden acarrear consecuencias graves para el deporte del pa\u00eds:<\/p>\n<p>\u2192 Suspensi\u00f3n del\u00a0<strong>COE<\/strong>\u00a0por el\u00a0<strong>COI<\/strong><br \/>\n\u2192 Exclusi\u00f3n de atletas de Juegos del Ciclo Ol\u00edmpico y eventos internacionales bajo bandera nacional<br \/>\n\u2192 P\u00e9rdida de fondos de Solidaridad Ol\u00edmpica<br \/>\n\u2192 Sanciones de federaciones internacionales y retroceso en clasificaciones y desarrollo deportivo<\/p>\n<p>Si bien, exigimos el respeto a los principios de la\u00a0<strong>Carta Ol\u00edmpica<\/strong>\u00a0frente a declaraciones confusas del Viceministro del Deporte, agradecemos a la ministra de Educaci\u00f3n, Deporte y Cultura, Alegr\u00eda Crespo, por el canal de di\u00e1logo abierto que sabemos que de forma constructiva nos llevar\u00e1 a soluciones que permitan potenciar el deporte de alto rendimiento en el Ecuador con un trabajo coordinado.<\/p>\n","protected":false},"excerpt":{"rendered":"<p>Guayaquil.- El Comit\u00e9 Ol\u00edmpico Ecuatoriano expresa profunda preocupaci\u00f3n por las recientes declaraciones del viceministro del Deporte, Jos\u00e9 David Jim\u00e9nez\u00a0sobre el registro de la directiva 2025-2029 del organismo encabezada por\u00a0Jorge Delgado\u00a0y\u00a0Jefferson P\u00e9rez. Estas posturas suponen una intenci\u00f3n de desconocer la autonom\u00eda del organismo, la\u00a0Carta Ol\u00edmpica, que proh\u00edbe toda injerencia gubernamental, y las decisiones del\u00a0Comit\u00e9 Ol\u00edmpico Internacional [&hellip;]<\/p>\n","protected":false},"author":2,"featured_media":41572,"comment_status":"open","ping_status":"closed","sticky":false,"template":"","format":"standard","meta":{"_jetpack_memberships_contains_paid_content":false,"footnotes":""},"categories":[9],"tags":[16],"class_list":["post-41571","post","type-post","status-publish","format-standard","has-post-thumbnail","hentry","category-deportes","tag-comite-olimpico-ecuatoriano"],"jetpack_featured_media_url":"https:\/\/radiocresatelital.com\/wp-content\/uploads\/2025\/11\/COE1-1-1.jpg","jetpack_sharing_enabled":true,"_links":{"self":[{"href":"https:\/\/radiocresatelital.com\/index.php?rest_route=\/wp\/v2\/posts\/41571","targetHints":{"allow":["GET"]}}],"collection":[{"href":"https:\/\/radiocresatelital.com\/index.php?rest_route=\/wp\/v2\/posts"}],"about":[{"href":"https:\/\/radiocresatelital.com\/index.php?rest_route=\/wp\/v2\/types\/post"}],"author":[{"embeddable":true,"href":"https:\/\/radiocresatelital.com\/index.php?rest_route=\/wp\/v2\/users\/2"}],"replies":[{"embeddable":true,"href":"https:\/\/radiocresatelital.com\/index.php?rest_route=%2Fwp%2Fv2%2Fcomments&post=41571"}],"version-history":[{"count":1,"href":"https:\/\/radiocresatelital.com\/index.php?rest_route=\/wp\/v2\/posts\/41571\/revisions"}],"predecessor-version":[{"id":41573,"href":"https:\/\/radiocresatelital.com\/index.php?rest_route=\/wp\/v2\/posts\/41571\/revisions\/41573"}],"wp:featuredmedia":[{"embeddable":true,"href":"https:\/\/radiocresatelital.com\/index.php?rest_route=\/wp\/v2\/media\/41572"}],"wp:attachment":[{"href":"https:\/\/radiocresatelital.com\/index.php?rest_route=%2Fwp%2Fv2%2Fmedia&parent=41571"}],"wp:term":[{"taxonomy":"category","embeddable":true,"href":"https:\/\/radiocresatelital.com\/index.php?rest_route=%2Fwp%2Fv2%2Fcategories&post=41571"},{"taxonomy":"post_tag","embeddable":true,"href":"https:\/\/radiocresatelital.com\/index.php?rest_route=%2Fwp%2Fv2%2Ftags&post=41571"}],"curies":[{"name":"wp","href":"https:\/\/api.w.org\/{rel}","templated":true}]}}