{"id":41246,"date":"2025-11-11T16:59:02","date_gmt":"2025-11-11T16:59:02","guid":{"rendered":"https:\/\/radiocresatelital.com\/?p=41246"},"modified":"2025-11-11T16:59:02","modified_gmt":"2025-11-11T16:59:02","slug":"caicedo-lidera-los-buenos-resultados-del-movistar-best-pc-este-fin-de-semana","status":"publish","type":"post","link":"https:\/\/radiocresatelital.com\/?p=41246","title":{"rendered":"Caicedo lidera los buenos resultados del Movistar Best PC este fin de semana"},"content":{"rendered":"<p>Tulc\u00e1n.- El ciclista Pablo Caicedo, uno de los l\u00edderes del Movistar Best PC, se consagr\u00f3 campe\u00f3n de la categor\u00eda de bicicletas de monta\u00f1a del Circuito Jorge Montenegro, que se desarroll\u00f3 este fin de semana en Tulc\u00e1n.<\/p>\n<p>La competencia se realiz\u00f3 en las inmediaciones de la pista del aeropuerto teniente coronel Luis A. Mantilla de la capital de la provincia del Carchi, donde acudieron alrededor de 200 pedalistas.<\/p>\n<p>\u201cFue un circuito corto, pero muy explosivo, r\u00e1pido, y se logr\u00f3 ganar\u201d, mencion\u00f3 Caicedo, quien entre el 7 y el 8 de noviembre tambi\u00e9n compiti\u00f3 en la Cl\u00e1sica Resguardo Ind\u00edgena Guachucal, donde finaliz\u00f3 en la cuarta casilla.<\/p>\n<p>Mientras que otro de los capos del Movistar Best PC, Richard Huera logr\u00f3 el t\u00edtulo en la prueba denominada SW Ibarra, en la que los pedalistas disputaron 90 kil\u00f3metros en las v\u00edas alternas de la ciudad imbabure\u00f1a.<\/p>\n<p>Tras recibir el trofeo, el actual campe\u00f3n de la Vuelta al Ecuador destac\u00f3 estar \u201cfeliz de poder disfrutar de estos bonitos eventos\u201d y a\u00f1adi\u00f3 que \u201clevantar los brazos siempre es especial. Seguimos trabajando fuerte para las \u00faltimas competencias de la temporada\u201d.<\/p>\n<p>En la prueba, Byron Guam\u00e1 obtuvo el tercer lugar. \u201cLa salida fue en el parque principal de Ibarra, luego recorri\u00f3 los sectores de Salinas, Tumbabiro, Urcuqu\u00ed, para volver al lugar en el que partimos\u201d.<\/p>\n<p>Finalmente, las j\u00f3venes promesas del \u00fanico equipo continental ecuatoriano: H\u00e9ctor \u00c1lvarez y Anthony Coque completaron el podio en la Cl\u00e1sica Pastaza Lo Tiene Todo, que se disput\u00f3 en la ciudad del Puyo.<\/p>\n<p>Coque cruz\u00f3 primero la meta, seguido por su compa\u00f1ero de equipo, quien recientemente obtuvo el tercer lugar de la categor\u00eda sub 23 en la Vuelta a Guatemala. \u201cSiempre es ch\u00e9vere correr en el Puyo, pues ah\u00ed fue donde corr\u00ed por primera vez. El circuito estuvo bastante t\u00e9cnico y supimos controlar la carrera muy bien con Anthony\u201d, enfatiz\u00f3 \u00c1lvarez.<\/p>\n<p>Estas pruebas sirven de preparaci\u00f3n para el Movistar Best PC para encarar la recta final de la temporada, donde se tiene prevista la participaci\u00f3n en la Vuelta a Costa Rica, que se cumplir\u00e1 del 12 al 21 de diciembre.<\/p>\n","protected":false},"excerpt":{"rendered":"<p>Tulc\u00e1n.- El ciclista Pablo Caicedo, uno de los l\u00edderes del Movistar Best PC, se consagr\u00f3 campe\u00f3n de la categor\u00eda de bicicletas de monta\u00f1a del Circuito Jorge Montenegro, que se desarroll\u00f3 este fin de semana en Tulc\u00e1n. La competencia se realiz\u00f3 en las inmediaciones de la pista del aeropuerto teniente coronel Luis A. Mantilla de la [&hellip;]<\/p>\n","protected":false},"author":2,"featured_media":41247,"comment_status":"open","ping_status":"closed","sticky":false,"template":"","format":"standard","meta":{"_jetpack_memberships_contains_paid_content":false,"footnotes":""},"categories":[120,9],"tags":[1029],"class_list":["post-41246","post","type-post","status-publish","format-standard","has-post-thumbnail","hentry","category-ciclismo","category-deportes","tag-movistar-best-pc"],"jetpack_featured_media_url":"https:\/\/radiocresatelital.com\/wp-content\/uploads\/2025\/11\/WhatsApp-Image-2025-11-11-at-11.57.16.jpeg","jetpack_sharing_enabled":true,"_links":{"self":[{"href":"https:\/\/radiocresatelital.com\/index.php?rest_route=\/wp\/v2\/posts\/41246","targetHints":{"allow":["GET"]}}],"collection":[{"href":"https:\/\/radiocresatelital.com\/index.php?rest_route=\/wp\/v2\/posts"}],"about":[{"href":"https:\/\/radiocresatelital.com\/index.php?rest_route=\/wp\/v2\/types\/post"}],"author":[{"embeddable":true,"href":"https:\/\/radiocresatelital.com\/index.php?rest_route=\/wp\/v2\/users\/2"}],"replies":[{"embeddable":true,"href":"https:\/\/radiocresatelital.com\/index.php?rest_route=%2Fwp%2Fv2%2Fcomments&post=41246"}],"version-history":[{"count":1,"href":"https:\/\/radiocresatelital.com\/index.php?rest_route=\/wp\/v2\/posts\/41246\/revisions"}],"predecessor-version":[{"id":41248,"href":"https:\/\/radiocresatelital.com\/index.php?rest_route=\/wp\/v2\/posts\/41246\/revisions\/41248"}],"wp:featuredmedia":[{"embeddable":true,"href":"https:\/\/radiocresatelital.com\/index.php?rest_route=\/wp\/v2\/media\/41247"}],"wp:attachment":[{"href":"https:\/\/radiocresatelital.com\/index.php?rest_route=%2Fwp%2Fv2%2Fmedia&parent=41246"}],"wp:term":[{"taxonomy":"category","embeddable":true,"href":"https:\/\/radiocresatelital.com\/index.php?rest_route=%2Fwp%2Fv2%2Fcategories&post=41246"},{"taxonomy":"post_tag","embeddable":true,"href":"https:\/\/radiocresatelital.com\/index.php?rest_route=%2Fwp%2Fv2%2Ftags&post=41246"}],"curies":[{"name":"wp","href":"https:\/\/api.w.org\/{rel}","templated":true}]}}