{"id":41149,"date":"2025-11-10T18:28:32","date_gmt":"2025-11-10T18:28:32","guid":{"rendered":"https:\/\/radiocresatelital.com\/?p=41149"},"modified":"2025-11-10T18:28:32","modified_gmt":"2025-11-10T18:28:32","slug":"gobierno-nacional-impulsa-la-formacion-de-221-jovenes-azuayos-en-gestion-de-riesgos","status":"publish","type":"post","link":"https:\/\/radiocresatelital.com\/?p=41149","title":{"rendered":"Gobierno Nacional impulsa la formaci\u00f3n de 221 j\u00f3venes azuayos en gesti\u00f3n de riesgos"},"content":{"rendered":"<p>Quito.- El Gobierno Nacional, a trav\u00e9s de la Secretar\u00eda Nacional de Gesti\u00f3n de Riesgos, incorpora a 221 j\u00f3venes de la provincia del Azuay al programa \u201cJ\u00f3venes en Acci\u00f3n\u201d, una iniciativa que promueve la vinculaci\u00f3n de la juventud con instituciones p\u00fablicas, fomentando su compromiso ciudadano y fortaleciendo sus capacidades en gesti\u00f3n del riesgo.<\/p>\n<p>Con esta incorporaci\u00f3n, ya son 16.800 j\u00f3venes a nivel nacional quienes participan activamente en la SNGR, consolidando una red juvenil de prevenci\u00f3n y resiliencia en todo el pa\u00eds.<\/p>\n<p>La SNGR forma parte de las instituciones que integran esta estrategia gubernamental, ofreciendo a los participantes un proceso formativo orientado a la prevenci\u00f3n, preparaci\u00f3n y respuesta ante emergencias. En las primeras jornadas, los j\u00f3venes recibieron capacitaciones sobre introducci\u00f3n a la gesti\u00f3n de riesgos y medidas de autoprotecci\u00f3n ante sismos, con el objetivo de reconocer los peligros de su entorno y actuar de manera segura y oportuna.<\/p>\n<p>Durante la jornada que se desarrolla este 10 de noviembre, en coordinaci\u00f3n con el Cuerpo de Bomberos de Cuenca, los participantes fortalecen sus conocimientos en prevenci\u00f3n de incendios forestales, manejo de conatos de incendio en el hogar y uso correcto de extintores, mediante pr\u00e1cticas con mangueras y ejercicios de simulaci\u00f3n. Adem\u00e1s, los J\u00f3venes en Acci\u00f3n colaboran en actividades de apoyo a la entrega de asistencia humanitaria, georreferenciaci\u00f3n de zonas de riesgo, identificaci\u00f3n de alojamientos temporales y mingas comunitarias, contribuyendo al fortalecimiento de la gesti\u00f3n del riesgo en los territorios.<\/p>\n<p>\u201cEl compromiso de nuestra juventud con la gesti\u00f3n de riesgos refleja el esp\u00edritu solidario y responsable que impulsa el desarrollo del pa\u00eds. Su participaci\u00f3n activa fortalece la resiliencia de nuestras comunidades y contribuye a la construcci\u00f3n de un Ecuador m\u00e1s seguro\u201d, destaca el Ing. Jorge Carrillo Tutiv\u00e9n, Secretario Nacional de Gesti\u00f3n de Riesgos.<\/p>\n<p>El Gobierno Nacional reafirma su compromiso con la juventud ecuatoriana mediante iniciativas que fomentan su formaci\u00f3n y fortalecen comunidades seguras y resilientes.<\/p>\n","protected":false},"excerpt":{"rendered":"<p>Quito.- El Gobierno Nacional, a trav\u00e9s de la Secretar\u00eda Nacional de Gesti\u00f3n de Riesgos, incorpora a 221 j\u00f3venes de la provincia del Azuay al programa \u201cJ\u00f3venes en Acci\u00f3n\u201d, una iniciativa que promueve la vinculaci\u00f3n de la juventud con instituciones p\u00fablicas, fomentando su compromiso ciudadano y fortaleciendo sus capacidades en gesti\u00f3n del riesgo. Con esta incorporaci\u00f3n, [&hellip;]<\/p>\n","protected":false},"author":2,"featured_media":41150,"comment_status":"open","ping_status":"closed","sticky":false,"template":"","format":"standard","meta":{"_jetpack_memberships_contains_paid_content":false,"footnotes":""},"categories":[13],"tags":[3709],"class_list":["post-41149","post","type-post","status-publish","format-standard","has-post-thumbnail","hentry","category-noticias-nacionales","tag-programa-jovenes-en-accion"],"jetpack_featured_media_url":"https:\/\/radiocresatelital.com\/wp-content\/uploads\/2025\/11\/WhatsApp-Image-2025-11-10-at-12.49.20.jpeg","jetpack_sharing_enabled":true,"_links":{"self":[{"href":"https:\/\/radiocresatelital.com\/index.php?rest_route=\/wp\/v2\/posts\/41149","targetHints":{"allow":["GET"]}}],"collection":[{"href":"https:\/\/radiocresatelital.com\/index.php?rest_route=\/wp\/v2\/posts"}],"about":[{"href":"https:\/\/radiocresatelital.com\/index.php?rest_route=\/wp\/v2\/types\/post"}],"author":[{"embeddable":true,"href":"https:\/\/radiocresatelital.com\/index.php?rest_route=\/wp\/v2\/users\/2"}],"replies":[{"embeddable":true,"href":"https:\/\/radiocresatelital.com\/index.php?rest_route=%2Fwp%2Fv2%2Fcomments&post=41149"}],"version-history":[{"count":1,"href":"https:\/\/radiocresatelital.com\/index.php?rest_route=\/wp\/v2\/posts\/41149\/revisions"}],"predecessor-version":[{"id":41151,"href":"https:\/\/radiocresatelital.com\/index.php?rest_route=\/wp\/v2\/posts\/41149\/revisions\/41151"}],"wp:featuredmedia":[{"embeddable":true,"href":"https:\/\/radiocresatelital.com\/index.php?rest_route=\/wp\/v2\/media\/41150"}],"wp:attachment":[{"href":"https:\/\/radiocresatelital.com\/index.php?rest_route=%2Fwp%2Fv2%2Fmedia&parent=41149"}],"wp:term":[{"taxonomy":"category","embeddable":true,"href":"https:\/\/radiocresatelital.com\/index.php?rest_route=%2Fwp%2Fv2%2Fcategories&post=41149"},{"taxonomy":"post_tag","embeddable":true,"href":"https:\/\/radiocresatelital.com\/index.php?rest_route=%2Fwp%2Fv2%2Ftags&post=41149"}],"curies":[{"name":"wp","href":"https:\/\/api.w.org\/{rel}","templated":true}]}}