{"id":40842,"date":"2025-11-05T19:37:35","date_gmt":"2025-11-05T19:37:35","guid":{"rendered":"https:\/\/radiocresatelital.com\/?p=40842"},"modified":"2025-11-05T19:37:35","modified_gmt":"2025-11-05T19:37:35","slug":"liga-prosperar-un-hito-de-inclusion","status":"publish","type":"post","link":"https:\/\/radiocresatelital.com\/?p=40842","title":{"rendered":"Liga Prosperar, un hito de inclusi\u00f3n"},"content":{"rendered":"<p>Quito.- Las grandes ideas vienen acompa\u00f1adas de una voluntad gigante. Fundaci\u00f3n LigaPro junto a la Fundaci\u00f3n Prosperar Salud han realizado una alianza hist\u00f3rica que busca unir al f\u00fatbol con una misi\u00f3n de inclusi\u00f3n in\u00e9dita en el pa\u00eds.<\/p>\n<p>La Liga Prosperar promover\u00e1, a trav\u00e9s de la pr\u00e1ctica deportiva, la oportunidad para que un centenar de ni\u00f1os con diversas neurodivergencias puedan competir en el primer torneo de f\u00fatbol adaptado del Ecuador. Una oportunidad \u00fanica para que la integraci\u00f3n sea a la medida e innove de forma positiva en el medio.<\/p>\n<p>El compromiso de Fundaci\u00f3n LigaPro, ya reflejado en iniciativas revolucionarias como LigaPro Kids, se reafirma con esta alianza con la Fundaci\u00f3n Prosperar Salud que permitir\u00e1 ampliar el rango inclusivo a m\u00e1s regiones y sectores de la naci\u00f3n.<\/p>\n<p>\u2018La Fundaci\u00f3n LigaPro ha venido trabajando incansablemente para crear espacios y proyectos que ayuden efectivamente a la ni\u00f1ez y juventud del pa\u00eds. Vamos a seguir insistiendo para que cada vez sean m\u00e1s los ni\u00f1os y j\u00f3venes a los que llegue el f\u00fatbol como una oportunidad\u2019, coment\u00f3 Miguel \u00c1ngel Loor, presidente de LigaPro.<\/p>\n<p>Inclusi\u00f3n, equidad y nuevos espacios; son la gran misi\u00f3n que nos une a trav\u00e9s de una industria s\u00f3lida del f\u00fatbol que busca que todos seamos actores positivos y que trabajemos continuamente en pro de una sociedad m\u00e1s justa.<\/p>\n<p>\u2018Es muy importante para la Fundaci\u00f3n Prosperar Salud que m\u00e1s ni\u00f1os y j\u00f3venes tengan m\u00e1s oportunidades y espacios para encontrar en el deporte una oportunidad para salir adelante\u2019, precis\u00f3 Liliana Zuluaga, presidenta de la Fundaci\u00f3n Prosperar y una de las cabezas m\u00e1s participativas del proyecto.<\/p>\n<p>Bienvenidos a la Liga Prosperar, una idea que se materializa para quedarse como una nueva alternativa s\u00f3lida para que la ni\u00f1ez del pa\u00eds encuentre un lugar sano y especialmente dedicado en el deporte.<\/p>\n","protected":false},"excerpt":{"rendered":"<p>Quito.- Las grandes ideas vienen acompa\u00f1adas de una voluntad gigante. Fundaci\u00f3n LigaPro junto a la Fundaci\u00f3n Prosperar Salud han realizado una alianza hist\u00f3rica que busca unir al f\u00fatbol con una misi\u00f3n de inclusi\u00f3n in\u00e9dita en el pa\u00eds. La Liga Prosperar promover\u00e1, a trav\u00e9s de la pr\u00e1ctica deportiva, la oportunidad para que un centenar de ni\u00f1os [&hellip;]<\/p>\n","protected":false},"author":2,"featured_media":40843,"comment_status":"open","ping_status":"closed","sticky":false,"template":"","format":"standard","meta":{"_jetpack_memberships_contains_paid_content":false,"footnotes":""},"categories":[9],"tags":[582,3979],"class_list":["post-40842","post","type-post","status-publish","format-standard","has-post-thumbnail","hentry","category-deportes","tag-fundacion-ligapro","tag-fundacion-prosperar-salud"],"jetpack_featured_media_url":"https:\/\/radiocresatelital.com\/wp-content\/uploads\/2025\/11\/54903087377_afc679b9d8_o-1536x1027-1.jpg","jetpack_sharing_enabled":true,"_links":{"self":[{"href":"https:\/\/radiocresatelital.com\/index.php?rest_route=\/wp\/v2\/posts\/40842","targetHints":{"allow":["GET"]}}],"collection":[{"href":"https:\/\/radiocresatelital.com\/index.php?rest_route=\/wp\/v2\/posts"}],"about":[{"href":"https:\/\/radiocresatelital.com\/index.php?rest_route=\/wp\/v2\/types\/post"}],"author":[{"embeddable":true,"href":"https:\/\/radiocresatelital.com\/index.php?rest_route=\/wp\/v2\/users\/2"}],"replies":[{"embeddable":true,"href":"https:\/\/radiocresatelital.com\/index.php?rest_route=%2Fwp%2Fv2%2Fcomments&post=40842"}],"version-history":[{"count":1,"href":"https:\/\/radiocresatelital.com\/index.php?rest_route=\/wp\/v2\/posts\/40842\/revisions"}],"predecessor-version":[{"id":40844,"href":"https:\/\/radiocresatelital.com\/index.php?rest_route=\/wp\/v2\/posts\/40842\/revisions\/40844"}],"wp:featuredmedia":[{"embeddable":true,"href":"https:\/\/radiocresatelital.com\/index.php?rest_route=\/wp\/v2\/media\/40843"}],"wp:attachment":[{"href":"https:\/\/radiocresatelital.com\/index.php?rest_route=%2Fwp%2Fv2%2Fmedia&parent=40842"}],"wp:term":[{"taxonomy":"category","embeddable":true,"href":"https:\/\/radiocresatelital.com\/index.php?rest_route=%2Fwp%2Fv2%2Fcategories&post=40842"},{"taxonomy":"post_tag","embeddable":true,"href":"https:\/\/radiocresatelital.com\/index.php?rest_route=%2Fwp%2Fv2%2Ftags&post=40842"}],"curies":[{"name":"wp","href":"https:\/\/api.w.org\/{rel}","templated":true}]}}