{"id":40805,"date":"2025-11-04T23:47:38","date_gmt":"2025-11-04T23:47:38","guid":{"rendered":"https:\/\/radiocresatelital.com\/?p=40805"},"modified":"2025-11-05T00:48:04","modified_gmt":"2025-11-05T00:48:04","slug":"david-beckham-ha-sido-nombrado-como-caballero-por-el-rey-carlos-iii","status":"publish","type":"post","link":"https:\/\/radiocresatelital.com\/?p=40805","title":{"rendered":"David Beckham ha sido nombrado como Caballero por el Rey Carlos III"},"content":{"rendered":"<p>Londres.- El exvolante del Manchester United, Real Madrid y de la Selecci\u00f3n de Inglaterra, David Beckham, ha sido coronado como caballero por el rey Carlos III por sus destacados servicios para el f\u00fatbol de su Pa\u00eds y tambi\u00e9n de la sociedad brit\u00e1nica.<\/p>\n<p>El exfutbolista de 50 a\u00f1os fue nominado en la lista de honores del rey las navidades pasadas y fue declarado caballero, es decir que portar\u00e1 el \u2018Sir\u2019, en una ceremonia celebrada este martes en Berkshire (Inglaterra).<\/p>\n<p>\u00abNo podr\u00eda estar m\u00e1s orgulloso de eso. La gente sabe lo patri\u00f3tico que soy y lo mucho que amo a mi pa\u00eds. Siempre he dicho lo importante que es la monarqu\u00eda para mi familia. He tenido mucha suerte durante mi vida de viajar alrededor del mundo y toda la gente quer\u00eda preguntarme sobre nuestra monarqu\u00eda. Eso me da mucho orgullo\u00bb, dijo Beckham.<\/p>\n<p><img decoding=\"async\" src=\"https:\/\/www.nmas.com.mx\/_next\/image\/?url=https%3A%2F%2Fstatic-live.nmas.com.mx%2Fnmas-news%2Fstyles%2Fcorte_16_9%2Fcloud-storage%2F2025-11%2FAhora%2520Es%2520%25E2%2580%2598Sir%25E2%2580%2599%2520David%2520Beckham_%2520Por%2520Qu%25C3%25A9%2520fue%2520Coronado%2520Caballero%2520por%2520el%2520Rey%2520Carlos%2520III.jpg%3Fh%3D920929c4%26itok%3DNBIoe5-h&amp;w=1920&amp;q=75\" alt=\"Ahora Es 'Sir' David Beckham: \u00bfPor Qu\u00e9 fue Coronado Caballero por el Rey Carlos III? | N+\" \/>Criado en la cantera del Manchester United, Beckham estuvo once a\u00f1os con los mancunianos antes de marcharse en 2003 al Real Madrid tras haber ganado varias Premier League y una Champions League. No pudo replicar el \u00e9xito del United con los \u2018blancos\u2019, con los que solo gan\u00f3 una liga espa\u00f1ola en los cuatro a\u00f1os que estuvo, pero dej\u00f3 un gran impacto en la capital madrile\u00f1a antes de irse al LA Galaxy.<\/p>\n<p>Durante su estancia en Los \u00c1ngeles, Beckham vivi\u00f3 dos cesiones en el Milan y una en el Paris Saint Germain hasta que finaliz\u00f3 su carrera en 2013 y se convirti\u00f3 en propietario de una franquicia de la MLS, el actual Inter de Miami, que cuenta en sus filas con Leo Messi y Luis Su\u00e1rez.<\/p>\n<p>A nivel internacional, Beckham jug\u00f3 115 partidos con Inglaterra, fue capit\u00e1n durante seis a\u00f1os y disput\u00f3 dos Copas del Mundo y dos Eurocopas.<\/p>\n<p>Fuera de los terrenos de juego, adem\u00e1s de por su faceta de modelo, a Beckham se le ha conocido por sus acciones caritativas, siendo embajador de Unicef desde 2005.<\/p>\n","protected":false},"excerpt":{"rendered":"<p>Londres.- El exvolante del Manchester United, Real Madrid y de la Selecci\u00f3n de Inglaterra, David Beckham, ha sido coronado como caballero por el rey Carlos III por sus destacados servicios para el f\u00fatbol de su Pa\u00eds y tambi\u00e9n de la sociedad brit\u00e1nica. El exfutbolista de 50 a\u00f1os fue nominado en la lista de honores del [&hellip;]<\/p>\n","protected":false},"author":2,"featured_media":40806,"comment_status":"open","ping_status":"closed","sticky":false,"template":"","format":"standard","meta":{"_jetpack_memberships_contains_paid_content":false,"footnotes":""},"categories":[9],"tags":[6490],"class_list":["post-40805","post","type-post","status-publish","format-standard","has-post-thumbnail","hentry","category-deportes","tag-david-beckham"],"jetpack_featured_media_url":"https:\/\/radiocresatelital.com\/wp-content\/uploads\/2025\/11\/4377d33fb2c6fefdc9ca8f29c132b10c.webp","jetpack_sharing_enabled":true,"_links":{"self":[{"href":"https:\/\/radiocresatelital.com\/index.php?rest_route=\/wp\/v2\/posts\/40805","targetHints":{"allow":["GET"]}}],"collection":[{"href":"https:\/\/radiocresatelital.com\/index.php?rest_route=\/wp\/v2\/posts"}],"about":[{"href":"https:\/\/radiocresatelital.com\/index.php?rest_route=\/wp\/v2\/types\/post"}],"author":[{"embeddable":true,"href":"https:\/\/radiocresatelital.com\/index.php?rest_route=\/wp\/v2\/users\/2"}],"replies":[{"embeddable":true,"href":"https:\/\/radiocresatelital.com\/index.php?rest_route=%2Fwp%2Fv2%2Fcomments&post=40805"}],"version-history":[{"count":1,"href":"https:\/\/radiocresatelital.com\/index.php?rest_route=\/wp\/v2\/posts\/40805\/revisions"}],"predecessor-version":[{"id":40807,"href":"https:\/\/radiocresatelital.com\/index.php?rest_route=\/wp\/v2\/posts\/40805\/revisions\/40807"}],"wp:featuredmedia":[{"embeddable":true,"href":"https:\/\/radiocresatelital.com\/index.php?rest_route=\/wp\/v2\/media\/40806"}],"wp:attachment":[{"href":"https:\/\/radiocresatelital.com\/index.php?rest_route=%2Fwp%2Fv2%2Fmedia&parent=40805"}],"wp:term":[{"taxonomy":"category","embeddable":true,"href":"https:\/\/radiocresatelital.com\/index.php?rest_route=%2Fwp%2Fv2%2Fcategories&post=40805"},{"taxonomy":"post_tag","embeddable":true,"href":"https:\/\/radiocresatelital.com\/index.php?rest_route=%2Fwp%2Fv2%2Ftags&post=40805"}],"curies":[{"name":"wp","href":"https:\/\/api.w.org\/{rel}","templated":true}]}}