{"id":40714,"date":"2025-11-01T21:44:00","date_gmt":"2025-11-01T21:44:00","guid":{"rendered":"https:\/\/radiocresatelital.com\/?p=40714"},"modified":"2025-11-01T21:44:00","modified_gmt":"2025-11-01T21:44:00","slug":"movistar-best-pc-gana-la-penultima-etapa-de-la-vuelta-a-guatemala-y-acecha-el-liderato","status":"publish","type":"post","link":"https:\/\/radiocresatelital.com\/?p=40714","title":{"rendered":"Movistar Best PC gana la pen\u00faltima etapa de la Vuelta a Guatemala y acecha el liderato"},"content":{"rendered":"<p>Guatemala.- El ciclista colombiano Carlos Guti\u00e9rrez, del Movistar Best PC, gan\u00f3 la pen\u00faltima (novena) etapa de la edici\u00f3n 64 de la Vuelta a Guatemala, disputada este s\u00e1bado 1 de noviembre.<\/p>\n<p>El cafetero cruz\u00f3 la meta, ubicada en Ciudad Antigua, tras xx horas, xx minutos y xx segundos, con lo que descont\u00f3 varios segundos al l\u00edder, el colombiano \u00d3scar Garz\u00f3n (GW Erco Shimano)<\/p>\n<p>Adem\u00e1s, el ciclista Telef\u00f3nico se encuentra segundo en la clasificaci\u00f3n de la regularidad, producto de ser siempre protagonista a lo largo de las nueve jornadas disputadas hasta el momento.<\/p>\n<p>Otro de los destacados pedalistas del \u00fanico equipo continental es Bryan Obando, quien sigue siendo el mejor ecuatoriano ubicado en la general, al mantenerse en el quinto lugar.<\/p>\n<p>La buena noticia para el <strong>Movistar Best PC <\/strong>en la jornada de este s\u00e1bado fue que H\u00e9ctor \u00c1lvarez alcanz\u00f3 el podio en la categor\u00eda Sub 23, logrando la tercera casilla a falta de una etapa.<\/p>\n<p>Por detr\u00e1s de Guti\u00e9rrez y Obando, en la clasificaci\u00f3n general, se encuentran sus compa\u00f1eros: Jimmy Santiago Montenegro, que se coloca en el puesto 18, H\u00e9ctor \u00c1lvarez en el 22 y Richard Huera en el 28.<\/p>\n<p>La d\u00e9cima y \u00faltima etapa de la edici\u00f3n 64 de la Vuelta a Guatemala se realizar\u00e1 este domingo 2 de noviembre, con un circuito Al anillo perif\u00e9rico de Villa Linda, sobre 121,3 kil\u00f3metros.<\/p>\n","protected":false},"excerpt":{"rendered":"<p>Guatemala.- El ciclista colombiano Carlos Guti\u00e9rrez, del Movistar Best PC, gan\u00f3 la pen\u00faltima (novena) etapa de la edici\u00f3n 64 de la Vuelta a Guatemala, disputada este s\u00e1bado 1 de noviembre. El cafetero cruz\u00f3 la meta, ubicada en Ciudad Antigua, tras xx horas, xx minutos y xx segundos, con lo que descont\u00f3 varios segundos al l\u00edder, [&hellip;]<\/p>\n","protected":false},"author":2,"featured_media":40715,"comment_status":"open","ping_status":"closed","sticky":false,"template":"","format":"standard","meta":{"_jetpack_memberships_contains_paid_content":false,"footnotes":""},"categories":[120,9],"tags":[1029],"class_list":["post-40714","post","type-post","status-publish","format-standard","has-post-thumbnail","hentry","category-ciclismo","category-deportes","tag-movistar-best-pc"],"jetpack_featured_media_url":"https:\/\/radiocresatelital.com\/wp-content\/uploads\/2025\/11\/WhatsApp-Image-2025-11-01-at-16.42.27.jpeg","jetpack_sharing_enabled":true,"_links":{"self":[{"href":"https:\/\/radiocresatelital.com\/index.php?rest_route=\/wp\/v2\/posts\/40714","targetHints":{"allow":["GET"]}}],"collection":[{"href":"https:\/\/radiocresatelital.com\/index.php?rest_route=\/wp\/v2\/posts"}],"about":[{"href":"https:\/\/radiocresatelital.com\/index.php?rest_route=\/wp\/v2\/types\/post"}],"author":[{"embeddable":true,"href":"https:\/\/radiocresatelital.com\/index.php?rest_route=\/wp\/v2\/users\/2"}],"replies":[{"embeddable":true,"href":"https:\/\/radiocresatelital.com\/index.php?rest_route=%2Fwp%2Fv2%2Fcomments&post=40714"}],"version-history":[{"count":1,"href":"https:\/\/radiocresatelital.com\/index.php?rest_route=\/wp\/v2\/posts\/40714\/revisions"}],"predecessor-version":[{"id":40716,"href":"https:\/\/radiocresatelital.com\/index.php?rest_route=\/wp\/v2\/posts\/40714\/revisions\/40716"}],"wp:featuredmedia":[{"embeddable":true,"href":"https:\/\/radiocresatelital.com\/index.php?rest_route=\/wp\/v2\/media\/40715"}],"wp:attachment":[{"href":"https:\/\/radiocresatelital.com\/index.php?rest_route=%2Fwp%2Fv2%2Fmedia&parent=40714"}],"wp:term":[{"taxonomy":"category","embeddable":true,"href":"https:\/\/radiocresatelital.com\/index.php?rest_route=%2Fwp%2Fv2%2Fcategories&post=40714"},{"taxonomy":"post_tag","embeddable":true,"href":"https:\/\/radiocresatelital.com\/index.php?rest_route=%2Fwp%2Fv2%2Ftags&post=40714"}],"curies":[{"name":"wp","href":"https:\/\/api.w.org\/{rel}","templated":true}]}}