{"id":40616,"date":"2025-10-31T19:04:35","date_gmt":"2025-10-31T19:04:35","guid":{"rendered":"https:\/\/radiocresatelital.com\/?p=40616"},"modified":"2025-10-31T19:04:35","modified_gmt":"2025-10-31T19:04:35","slug":"gobierno-del-nuevo-ecuador-impulsa-la-hermandad-entre-las-primeras-olimpiadas-de-juegos-ancentrales-amazonicos","status":"publish","type":"post","link":"https:\/\/radiocresatelital.com\/?p=40616","title":{"rendered":"Gobierno del Nuevo Ecuador impulsa la hermandad entre las primeras olimpiadas de Juegos Ancentrales amaz\u00f3nicos"},"content":{"rendered":"<p>Morona Santiago.- M\u00e1s de 500 deportistas de las cuatro regiones del Ecuador se dar\u00e1n cita en el Cant\u00f3n Suc\u00faa, provincia de Morona Santiago, para participar en las Primeras Olimpiadas de Juegos Ancestrales Amaz\u00f3nicos, un encuentro sin precedentes que busca rescatar, visibilizar y fortalecer las tradiciones deportivas de los pueblos y nacionalidades originarias del pa\u00eds.<\/p>\n<p>El evento, organizado por la Secretar\u00eda de Gesti\u00f3n y Desarrollo de Pueblos y Nacionalidades en coordinaci\u00f3n con la Organizaci\u00f3n de Deportistas Ancestrales de la Regi\u00f3n Amaz\u00f3nica del Ecuador, ser\u00e1 un espacio de intercambio cultural, identidad y unidad entre las comunidades amaz\u00f3nicas y andinas, la Costa, la Sierra y la regi\u00f3n Insular.<\/p>\n<p>Durante dos d\u00edas, los asistentes vivir\u00e1n un ambiente de hermandad, orgullo y competencia sana, en el que cada disciplina rinde homenaje a la sabidur\u00eda y resistencia ancestral de los pueblos del Ecuador.<\/p>\n<p>La ceremonia de inauguraci\u00f3n y apertura de juegos se realizar\u00e1 desde las 10h00 en el Coliseo General de la Federaci\u00f3n Interprovincial de Centros Shuar (FISCH); mientras que el acto oficial de premiaci\u00f3n y clausura se desarrollar\u00e1 el domingo 02 de noviembre a las 17h00 locales (22h00 GMT).<\/p>\n<p>Entre las disciplinas destacan: soplo de bodoquera, carrera atl\u00e9tica Chasqui Ancestral 7K, lamzamiento de lanza, tiro al arco ancestral, armado de balsa ancestral y competencia en el r\u00edo, trepada del \u00e1rbol ancestral, pelada de quila ancestral, comelona de chontacuro ancestral, masticado de aj\u00ed ancestral y la pelada de yuca y pl\u00e1tano ancestral.<\/p>\n<p>Seg\u00fan indica Julia Angulo, secretaria de Gesti\u00f3n y Desarrollo de Pueblos y Nacionalidades \u201cestas pr\u00e1cticas reflejan las destrezas, conocimientos y costumbres transmitidas por generaciones, manteniendo viva la esencia del deporte originario. Este evento promueve la unidad nacional desde la diversidad, reafirmando el orgullo de pertenecer a una naci\u00f3n plurinacional y multicultural\u201d.<\/p>\n<p>Estas primeras Olimpiadas Amaz\u00f3nicas simbolizan el compromiso de las nacionalidades por preservar el patrimonio intangible, fortaleciendo los lazos entre los pueblos y revalorizando el deporte como herramienta de identidad y convivencia.<\/p>\n","protected":false},"excerpt":{"rendered":"<p>Morona Santiago.- M\u00e1s de 500 deportistas de las cuatro regiones del Ecuador se dar\u00e1n cita en el Cant\u00f3n Suc\u00faa, provincia de Morona Santiago, para participar en las Primeras Olimpiadas de Juegos Ancestrales Amaz\u00f3nicos, un encuentro sin precedentes que busca rescatar, visibilizar y fortalecer las tradiciones deportivas de los pueblos y nacionalidades originarias del pa\u00eds. El [&hellip;]<\/p>\n","protected":false},"author":2,"featured_media":40617,"comment_status":"open","ping_status":"closed","sticky":false,"template":"","format":"standard","meta":{"_jetpack_memberships_contains_paid_content":false,"footnotes":""},"categories":[13],"tags":[1931],"class_list":["post-40616","post","type-post","status-publish","format-standard","has-post-thumbnail","hentry","category-noticias-nacionales","tag-gobierno-del-nuevo-ecuador"],"jetpack_featured_media_url":"https:\/\/radiocresatelital.com\/wp-content\/uploads\/2025\/10\/302346b3a865ef5ec4ac450bfe13013dcb35f3e9.jpg","jetpack_sharing_enabled":true,"_links":{"self":[{"href":"https:\/\/radiocresatelital.com\/index.php?rest_route=\/wp\/v2\/posts\/40616","targetHints":{"allow":["GET"]}}],"collection":[{"href":"https:\/\/radiocresatelital.com\/index.php?rest_route=\/wp\/v2\/posts"}],"about":[{"href":"https:\/\/radiocresatelital.com\/index.php?rest_route=\/wp\/v2\/types\/post"}],"author":[{"embeddable":true,"href":"https:\/\/radiocresatelital.com\/index.php?rest_route=\/wp\/v2\/users\/2"}],"replies":[{"embeddable":true,"href":"https:\/\/radiocresatelital.com\/index.php?rest_route=%2Fwp%2Fv2%2Fcomments&post=40616"}],"version-history":[{"count":2,"href":"https:\/\/radiocresatelital.com\/index.php?rest_route=\/wp\/v2\/posts\/40616\/revisions"}],"predecessor-version":[{"id":40619,"href":"https:\/\/radiocresatelital.com\/index.php?rest_route=\/wp\/v2\/posts\/40616\/revisions\/40619"}],"wp:featuredmedia":[{"embeddable":true,"href":"https:\/\/radiocresatelital.com\/index.php?rest_route=\/wp\/v2\/media\/40617"}],"wp:attachment":[{"href":"https:\/\/radiocresatelital.com\/index.php?rest_route=%2Fwp%2Fv2%2Fmedia&parent=40616"}],"wp:term":[{"taxonomy":"category","embeddable":true,"href":"https:\/\/radiocresatelital.com\/index.php?rest_route=%2Fwp%2Fv2%2Fcategories&post=40616"},{"taxonomy":"post_tag","embeddable":true,"href":"https:\/\/radiocresatelital.com\/index.php?rest_route=%2Fwp%2Fv2%2Ftags&post=40616"}],"curies":[{"name":"wp","href":"https:\/\/api.w.org\/{rel}","templated":true}]}}