{"id":40613,"date":"2025-10-31T18:56:17","date_gmt":"2025-10-31T18:56:17","guid":{"rendered":"https:\/\/radiocresatelital.com\/?p=40613"},"modified":"2025-10-31T18:56:54","modified_gmt":"2025-10-31T18:56:54","slug":"guayaquil-celebro-su-legado-cultural-y-literario-con-el-premio-literario-jose-joaquin-de-olmedo","status":"publish","type":"post","link":"https:\/\/radiocresatelital.com\/?p=40613","title":{"rendered":"Guayaquil celebr\u00f3 su legado cultural y literario con el Premio Literario Jos\u00e9 Joaqu\u00edn de Olmedo"},"content":{"rendered":"<p>Guayaquil.- El talento literario se visti\u00f3 de gala durante la ceremonia de premiaci\u00f3n de la primera edici\u00f3n del Premio Literario Jos\u00e9 Joaqu\u00edn de Olmedo, un reconocimiento del Municipio de Guayaquil que busca fortalecer la creaci\u00f3n art\u00edstica en los g\u00e9neros de narrativa, poes\u00eda, ensayo y novela.<\/p>\n<p>El evento se realiz\u00f3 en el antiguo Club de la Uni\u00f3n, con la presencia del alcalde Aquiles Alvarez, la directora de Patrimonio Cultural, Karina Nogales, concejales, artistas, jurados, medios de comunicaci\u00f3n y representantes de la comunidad literaria.<\/p>\n<p>Durante su intervenci\u00f3n, el alcalde destac\u00f3 la trascendencia del certamen, que en su debut reuni\u00f3 m\u00e1s de 190 postulaciones en sus cuatro categor\u00edas. \u201cEstos premios culturales Jos\u00e9 Joaqu\u00edn de Olmedo, cuya primera edici\u00f3n concluye el d\u00eda de hoy, contribuyen a la recuperaci\u00f3n del orgullo de la ciudad porque nos recuerda y nos pone a pensar sobre la vida y la obra de una figura extraordinaria como lo fue Olmedo, el primer jefe pol\u00edtico del Guayaquil independiente\u201d, afirm\u00f3.<\/p>\n<p>Asimismo, resalt\u00f3 que el Premio se enmarca en la conmemoraci\u00f3n del bicentenario de la primera publicaci\u00f3n de \u2018La Victoria de Jun\u00edn. Canto a Bol\u00edvar\u2019, la obra cumbre del pr\u00f3cer guayaquile\u00f1o.<\/p>\n<p><strong>Los ganadores de esta primera edici\u00f3n fueron:<\/strong><br \/>\n\u2022 Cuento: Pierre Menard, autor de \u00abEl Aleph\u00bb, en Guayaquil y con pandemia, de Ra\u00fal Vallejo Corral.<br \/>\n\u2022 Poes\u00eda: Jacarand\u00e1, de Rosa Luc\u00eda Quiroz Catuto.<br \/>\n\u2022 Ensayo: La construcci\u00f3n de la autoridad oracular en la advertencia de Olmedo al Canto a Bol\u00edvar, 1825, de Marcelo B\u00e1ez Meza.<br \/>\n\u2022 Novela: El enigma Guayaqui, tambi\u00e9n de B\u00e1ez Meza.<\/p>\n<p>El escritor Marcelo B\u00e1ez calific\u00f3 como \u201cfundamental\u201d la creaci\u00f3n del certamen y destac\u00f3 la amplia participaci\u00f3n alcanzada. \u201cSignifica que hay muchos escritores que est\u00e1n en ejercicio, con una serie de propuestas y calaron hondo en la convocatoria\u201d, expres\u00f3.<\/p>\n<p>El Municipio de Guayaquil entreg\u00f3 USD 9.000 en premios econ\u00f3micos, adem\u00e1s de garantizar la publicaci\u00f3n de las obras ganadoras en el programa editorial municipal el pr\u00f3ximo a\u00f1o.<\/p>\n<p>Las postulaciones fueron evaluadas por un comit\u00e9 de 12 jurados (tres por cada categor\u00eda), quienes realizaron un exhaustivo proceso de selecci\u00f3n. La presidenta del Comit\u00e9, Xiomara Espa\u00f1a, subray\u00f3 el alto nivel literario de las obras. \u201cHa sido un trabajo entregado,\u00a0denodado, muy prolijo y con gran responsabilidad; hubo una gran cantidad de obras participantes, todos de grand\u00edsima calidad\u201d, acot\u00f3.<\/p>\n<p>Por su parte, la directora de Patrimonio Cultural, Karina Nogales, destac\u00f3 la importancia del Premio como un espacio que refuerza la identidad literaria de la ciudad. \u201cQueremos fomentar la lectura, la escritura y la creaci\u00f3n literaria en la ciudad y el pa\u00eds\u201d, sostuvo.<\/p>\n<p>El cierre de la ceremonia estuvo marcado por un mensaje contundente del alcalde Aquiles Alvarez, quien evoc\u00f3 el esp\u00edritu independentista de Olmedo. \u201cY aunque me digan lo que me digan en Guayaquil, con todo el contexto que estamos pasando, a veces incluso dan ganas de hablar del federalismo. Ya a veces dan ganas, \u00bfno? Con todo el contexto que estamos pasando, y es un tema que hay que poner ya en el debate, en la mesa p\u00fablica, en su momento. Pero as\u00ed nos digan lo que nos digan, y as\u00ed se me vengan encima, en Guayaquil somos olmedinos y no bolivarianos. As\u00ed que, aunque se pongan bravos algunos, \u00a1que viva Olmedo y que viva Guayaquil!\u201d, finaliz\u00f3 el Alcalde.<\/p>\n","protected":false},"excerpt":{"rendered":"<p>Guayaquil.- El talento literario se visti\u00f3 de gala durante la ceremonia de premiaci\u00f3n de la primera edici\u00f3n del Premio Literario Jos\u00e9 Joaqu\u00edn de Olmedo, un reconocimiento del Municipio de Guayaquil que busca fortalecer la creaci\u00f3n art\u00edstica en los g\u00e9neros de narrativa, poes\u00eda, ensayo y novela. El evento se realiz\u00f3 en el antiguo Club de la [&hellip;]<\/p>\n","protected":false},"author":2,"featured_media":40614,"comment_status":"open","ping_status":"closed","sticky":false,"template":"","format":"standard","meta":{"_jetpack_memberships_contains_paid_content":false,"footnotes":""},"categories":[13],"tags":[114,6466],"class_list":["post-40613","post","type-post","status-publish","format-standard","has-post-thumbnail","hentry","category-noticias-nacionales","tag-municipio-de-guayaquil","tag-premio-literario-jose-joaquin-de-olmedo"],"jetpack_featured_media_url":"https:\/\/radiocresatelital.com\/wp-content\/uploads\/2025\/10\/1-8-scaled.jpeg","jetpack_sharing_enabled":true,"_links":{"self":[{"href":"https:\/\/radiocresatelital.com\/index.php?rest_route=\/wp\/v2\/posts\/40613","targetHints":{"allow":["GET"]}}],"collection":[{"href":"https:\/\/radiocresatelital.com\/index.php?rest_route=\/wp\/v2\/posts"}],"about":[{"href":"https:\/\/radiocresatelital.com\/index.php?rest_route=\/wp\/v2\/types\/post"}],"author":[{"embeddable":true,"href":"https:\/\/radiocresatelital.com\/index.php?rest_route=\/wp\/v2\/users\/2"}],"replies":[{"embeddable":true,"href":"https:\/\/radiocresatelital.com\/index.php?rest_route=%2Fwp%2Fv2%2Fcomments&post=40613"}],"version-history":[{"count":1,"href":"https:\/\/radiocresatelital.com\/index.php?rest_route=\/wp\/v2\/posts\/40613\/revisions"}],"predecessor-version":[{"id":40615,"href":"https:\/\/radiocresatelital.com\/index.php?rest_route=\/wp\/v2\/posts\/40613\/revisions\/40615"}],"wp:featuredmedia":[{"embeddable":true,"href":"https:\/\/radiocresatelital.com\/index.php?rest_route=\/wp\/v2\/media\/40614"}],"wp:attachment":[{"href":"https:\/\/radiocresatelital.com\/index.php?rest_route=%2Fwp%2Fv2%2Fmedia&parent=40613"}],"wp:term":[{"taxonomy":"category","embeddable":true,"href":"https:\/\/radiocresatelital.com\/index.php?rest_route=%2Fwp%2Fv2%2Fcategories&post=40613"},{"taxonomy":"post_tag","embeddable":true,"href":"https:\/\/radiocresatelital.com\/index.php?rest_route=%2Fwp%2Fv2%2Ftags&post=40613"}],"curies":[{"name":"wp","href":"https:\/\/api.w.org\/{rel}","templated":true}]}}