{"id":40607,"date":"2025-10-31T18:47:04","date_gmt":"2025-10-31T18:47:04","guid":{"rendered":"https:\/\/radiocresatelital.com\/?p=40607"},"modified":"2025-10-31T18:47:14","modified_gmt":"2025-10-31T18:47:14","slug":"ninos-con-discapacidad-descubren-el-orgullo-guayaquileno-en-el-salon-jose-joaquin-de-olmedo","status":"publish","type":"post","link":"https:\/\/radiocresatelital.com\/?p=40607","title":{"rendered":"Ni\u00f1os con discapacidad descubren el orgullo guayaquile\u00f1o en el sal\u00f3n Jos\u00e9 Joaqu\u00edn de Olmedo"},"content":{"rendered":"<p>Guayaquil.- En un d\u00eda lleno de emoci\u00f3n y descubrimiento, 20 ni\u00f1os y ni\u00f1as con discapacidad, necesidades pedag\u00f3gicas especiales y trastornos emocionales, atendidos en las \u00c1reas Territoriales Inclusivas (ATI) y diversos centros de la Direcci\u00f3n de Inclusi\u00f3n Social Municipal, visitaron el ic\u00f3nico sal\u00f3n Jos\u00e9 Joaqu\u00edn de Olmedo en el Palacio Municipal de Guayaquil.<\/p>\n<p>La actividad forma parte del programa \u201cEmpoderando a la comunidad\u201d, una iniciativa de la Secretar\u00eda Municipal que busca inculcar en las nuevas generaciones valores c\u00edvicos y conciencia ciudadana, permitiendo que los peque\u00f1os conozcan de cerca la historia de su ciudad y el legado de uno de sus pr\u00f3ceres m\u00e1s ilustres.<\/p>\n<p>Durante el recorrido, los ni\u00f1os recibieron una explicaci\u00f3n detallada sobre Jos\u00e9 Joaqu\u00edn de Olmedo, primer jefe pol\u00edtico de Guayaquil, poeta y literato. El historiador Xavier Flores comparti\u00f3 las haza\u00f1as del pr\u00f3cer y la resiliencia de los guayaquile\u00f1os en la lucha por la independencia.<\/p>\n<p>\u201c\u00bfQu\u00e9 hizo Olmedo? La mayor\u00eda de las ciudades de Am\u00e9rica fueron independizadas por personas for\u00e1neas. Guayaquil es de las pocas ciudades que se independiz\u00f3 a s\u00ed misma, los guayaquile\u00f1os nos independizamos, luchamos por nuestra libertad y el capit\u00e1n de esa gente fue justamente Jos\u00e9 Joaqu\u00edn de Olmedo\u201d, explic\u00f3 Flores.<\/p>\n<p>Adem\u00e1s, record\u00f3 c\u00f3mo, en una sola madrugada, los guayaquile\u00f1os salieron a la calle para enfrentar a 1.500 espa\u00f1oles: \u201cGuayaquil prevaleci\u00f3, supo triunfar y en una sola madrugada logr\u00f3 someter a todos los destacamentos espa\u00f1oles y alcanzar su libertad, y nunca la pierde\u201d.<\/p>\n<p>El historiador destac\u00f3 la importancia de que los ni\u00f1os conozcan esta historia e insisti\u00f3 en recuperar el orgullo de ser guayaquile\u00f1os: \u201cNuestra identidad y nuestra historia es muy rica y debe ser un motivo para que estemos orgullosos de ella y orgullosos de una persona como Olmedo\u201d.<\/p>\n<p>Patricia Silva, madre de un ni\u00f1o de 13 a\u00f1os atendido en el Centro Valientes, no pudo contener su emoci\u00f3n al ver a su hijo autista, t\u00edmido pero radiante de felicidad sentado en la mesa del cuerpo edilicio, desde donde se toman las decisiones en favor de la ciudad. \u201cMi hijo est\u00e1 s\u00faper emocionado, no expresa mucho, es un poquito t\u00edmido, pero est\u00e1 feliz (\u2026) me da mucha alegr\u00eda, mucha emoci\u00f3n de ver que todos estos ni\u00f1os est\u00e9n felices y lleven en su coraz\u00f3n y mente este momento\u201d.<\/p>\n<p>As\u00ed, la Municipalidad contin\u00faa ejecutando su pol\u00edtica de puertas abiertas para que los guayaquile\u00f1os conozcan su historia y as\u00ed empoderar a las futuras generaciones.<\/p>\n","protected":false},"excerpt":{"rendered":"<p>Guayaquil.- En un d\u00eda lleno de emoci\u00f3n y descubrimiento, 20 ni\u00f1os y ni\u00f1as con discapacidad, necesidades pedag\u00f3gicas especiales y trastornos emocionales, atendidos en las \u00c1reas Territoriales Inclusivas (ATI) y diversos centros de la Direcci\u00f3n de Inclusi\u00f3n Social Municipal, visitaron el ic\u00f3nico sal\u00f3n Jos\u00e9 Joaqu\u00edn de Olmedo en el Palacio Municipal de Guayaquil. La actividad forma [&hellip;]<\/p>\n","protected":false},"author":2,"featured_media":40608,"comment_status":"open","ping_status":"closed","sticky":false,"template":"","format":"standard","meta":{"_jetpack_memberships_contains_paid_content":false,"footnotes":""},"categories":[13],"tags":[6464,4929],"class_list":["post-40607","post","type-post","status-publish","format-standard","has-post-thumbnail","hentry","category-noticias-nacionales","tag-direccion-de-inclusion-social-municipal","tag-salon-jose-joaquin-de-olmedo-y-maruri"],"jetpack_featured_media_url":"https:\/\/radiocresatelital.com\/wp-content\/uploads\/2025\/10\/IMG-20251031-WA0087-scaled.jpg","jetpack_sharing_enabled":true,"_links":{"self":[{"href":"https:\/\/radiocresatelital.com\/index.php?rest_route=\/wp\/v2\/posts\/40607","targetHints":{"allow":["GET"]}}],"collection":[{"href":"https:\/\/radiocresatelital.com\/index.php?rest_route=\/wp\/v2\/posts"}],"about":[{"href":"https:\/\/radiocresatelital.com\/index.php?rest_route=\/wp\/v2\/types\/post"}],"author":[{"embeddable":true,"href":"https:\/\/radiocresatelital.com\/index.php?rest_route=\/wp\/v2\/users\/2"}],"replies":[{"embeddable":true,"href":"https:\/\/radiocresatelital.com\/index.php?rest_route=%2Fwp%2Fv2%2Fcomments&post=40607"}],"version-history":[{"count":1,"href":"https:\/\/radiocresatelital.com\/index.php?rest_route=\/wp\/v2\/posts\/40607\/revisions"}],"predecessor-version":[{"id":40609,"href":"https:\/\/radiocresatelital.com\/index.php?rest_route=\/wp\/v2\/posts\/40607\/revisions\/40609"}],"wp:featuredmedia":[{"embeddable":true,"href":"https:\/\/radiocresatelital.com\/index.php?rest_route=\/wp\/v2\/media\/40608"}],"wp:attachment":[{"href":"https:\/\/radiocresatelital.com\/index.php?rest_route=%2Fwp%2Fv2%2Fmedia&parent=40607"}],"wp:term":[{"taxonomy":"category","embeddable":true,"href":"https:\/\/radiocresatelital.com\/index.php?rest_route=%2Fwp%2Fv2%2Fcategories&post=40607"},{"taxonomy":"post_tag","embeddable":true,"href":"https:\/\/radiocresatelital.com\/index.php?rest_route=%2Fwp%2Fv2%2Ftags&post=40607"}],"curies":[{"name":"wp","href":"https:\/\/api.w.org\/{rel}","templated":true}]}}