{"id":40604,"date":"2025-10-31T18:23:49","date_gmt":"2025-10-31T18:23:49","guid":{"rendered":"https:\/\/radiocresatelital.com\/?p=40604"},"modified":"2025-10-31T18:23:49","modified_gmt":"2025-10-31T18:23:49","slug":"fortalecemos-la-atencion-en-salud-msp-entrega-equipamiento-medico-en-el-hospital-general-alfredo-noboa-en-guaranda","status":"publish","type":"post","link":"https:\/\/radiocresatelital.com\/?p=40604","title":{"rendered":"Fortalecemos la atenci\u00f3n en salud: MSP entrega equipamiento m\u00e9dico en el Hospital General Alfredo Noboa, en Guaranda"},"content":{"rendered":"<p>Guaranda.-\u00a0Un nuevo tom\u00f3grafo y un sistema m\u00f3vil Arco en C de \u00faltima generaci\u00f3n se suman para fortalecer la operatividad y el \u00e1rea de imagenolog\u00eda del Hospital General Alfredo Noboa Montenegro de Guaranda, en la provincia de Bol\u00edvar.<\/p>\n<p>El ministro de Salud P\u00fablica, Jimmy Martin, lider\u00f3 esta entrega formal que, sin duda, transformar\u00e1 la capacidad de diagn\u00f3stico de manera m\u00e1s r\u00e1pida y oportuna para la comunidad de la Sierra-Centro del pa\u00eds. Los beneficiarios directos son m\u00e1s de 200 mil habitantes de la provincia y zonas aleda\u00f1as.<\/p>\n<p>Entre ambos equipos sanitaros se suma aproximadamente una inversi\u00f3n de USD 650 mil, que incluye la instalaci\u00f3n, la operatividad y las respectivas capacitaciones al personal m\u00e9dico. La proyecci\u00f3n es hist\u00f3rica, alrededor de 1.100 tomograf\u00edas mensuales.<\/p>\n<p>La M\u00e1xima Autoridad reconoci\u00f3 que los esfuerzos para obtener estos nuevos equipos son para atender de primera mano a todos los ciudadanos. Recalc\u00f3 que el Gobierno Nacional tiene el compromiso de mejor la infraestructura de los establecimientos de salud, ampliar el talento humano y acelerar la adquisici\u00f3n de los medicamentos y dispositivos m\u00e9dicos.<\/p>\n<p>\u201cEstamos cumpliendo con mejorar los servicios de salud, repotenciando los servicios de im\u00e1genes. Hemos tenido la valent\u00eda de identificar las dificultades y estamos buscando las soluciones, adem\u00e1s de manejar con transparencia los recursos obtenidos\u201d, asegur\u00f3 el ministro Martin.<\/p>\n<p>Adem\u00e1s, dijo que, con estos nuevos servicios, los usuarios deber\u00e1n quedarse en su hospital y no salir a buscar atenciones en otras ciudades o provincias. Al mismo tiempo, pidi\u00f3 un compromiso institucional a todos: \u201ccuiden sus equipos que es para ustedes. Vamos a recuperar la salud en el pa\u00eds; lo p\u00fablico es bueno y estamos aqu\u00ed para cubrir las necesidades de la poblaci\u00f3n\u201d, acot\u00f3.<\/p>\n<p>De su parte, Katalina Rivadeneira, l\u00edder del Comit\u00e9 de la Salud, agradeci\u00f3 la presencia de las autoridades nacionales por la gesti\u00f3n de estos nuevos equipos. \u201cAhora mi gente podr\u00e1 ser atendida en su misma ciudad con atenci\u00f3n de calidad, afirm\u00f3.<\/p>\n<p>Adem\u00e1s, se comprometi\u00f3 en continuar ejerciendo sus funciones de veedor en territorio para coordinar acciones en beneficio de la poblaci\u00f3n. \u201cEste es un hospital emblem\u00e1tico. Ahora nuestros pacientes vendr\u00e1n con mayor confianza, pues tambi\u00e9n se atienden a personas de otras provincias del pa\u00eds\u201d, concluy\u00f3.<\/p>\n<p>Esta cartera de Estado, adem\u00e1s, invirti\u00f3 m\u00e1s de USD 961 mil en otros equipos para los servicios de quir\u00f3fano, audiolog\u00eda y rehabilitaci\u00f3n, imagenolog\u00eda, Unidad de Cuidados Intensivos (UCI) y oftalmolog\u00eda.<\/p>\n<p>El Gobierno Nacional, a trav\u00e9s del Ministerio de Salud P\u00fablica (MSP), mantiene firme el compromiso de potenciar y mejorar los servicios sanitarios en cada rinc\u00f3n del pa\u00eds.<\/p>\n","protected":false},"excerpt":{"rendered":"<p>Guaranda.-\u00a0Un nuevo tom\u00f3grafo y un sistema m\u00f3vil Arco en C de \u00faltima generaci\u00f3n se suman para fortalecer la operatividad y el \u00e1rea de imagenolog\u00eda del Hospital General Alfredo Noboa Montenegro de Guaranda, en la provincia de Bol\u00edvar. El ministro de Salud P\u00fablica, Jimmy Martin, lider\u00f3 esta entrega formal que, sin duda, transformar\u00e1 la capacidad de [&hellip;]<\/p>\n","protected":false},"author":2,"featured_media":40605,"comment_status":"open","ping_status":"closed","sticky":false,"template":"","format":"standard","meta":{"_jetpack_memberships_contains_paid_content":false,"footnotes":""},"categories":[13],"tags":[6463],"class_list":["post-40604","post","type-post","status-publish","format-standard","has-post-thumbnail","hentry","category-noticias-nacionales","tag-hospital-general-alfredo-noboa-montenegro"],"jetpack_featured_media_url":"https:\/\/radiocresatelital.com\/wp-content\/uploads\/2025\/10\/Tomografo-1.jpg","jetpack_sharing_enabled":true,"_links":{"self":[{"href":"https:\/\/radiocresatelital.com\/index.php?rest_route=\/wp\/v2\/posts\/40604","targetHints":{"allow":["GET"]}}],"collection":[{"href":"https:\/\/radiocresatelital.com\/index.php?rest_route=\/wp\/v2\/posts"}],"about":[{"href":"https:\/\/radiocresatelital.com\/index.php?rest_route=\/wp\/v2\/types\/post"}],"author":[{"embeddable":true,"href":"https:\/\/radiocresatelital.com\/index.php?rest_route=\/wp\/v2\/users\/2"}],"replies":[{"embeddable":true,"href":"https:\/\/radiocresatelital.com\/index.php?rest_route=%2Fwp%2Fv2%2Fcomments&post=40604"}],"version-history":[{"count":1,"href":"https:\/\/radiocresatelital.com\/index.php?rest_route=\/wp\/v2\/posts\/40604\/revisions"}],"predecessor-version":[{"id":40606,"href":"https:\/\/radiocresatelital.com\/index.php?rest_route=\/wp\/v2\/posts\/40604\/revisions\/40606"}],"wp:featuredmedia":[{"embeddable":true,"href":"https:\/\/radiocresatelital.com\/index.php?rest_route=\/wp\/v2\/media\/40605"}],"wp:attachment":[{"href":"https:\/\/radiocresatelital.com\/index.php?rest_route=%2Fwp%2Fv2%2Fmedia&parent=40604"}],"wp:term":[{"taxonomy":"category","embeddable":true,"href":"https:\/\/radiocresatelital.com\/index.php?rest_route=%2Fwp%2Fv2%2Fcategories&post=40604"},{"taxonomy":"post_tag","embeddable":true,"href":"https:\/\/radiocresatelital.com\/index.php?rest_route=%2Fwp%2Fv2%2Ftags&post=40604"}],"curies":[{"name":"wp","href":"https:\/\/api.w.org\/{rel}","templated":true}]}}