{"id":4059,"date":"2023-09-11T21:56:42","date_gmt":"2023-09-11T21:56:42","guid":{"rendered":"https:\/\/radiocresatelital.com\/?p=4059"},"modified":"2023-09-12T02:05:15","modified_gmt":"2023-09-12T02:05:15","slug":"libia-mas-de-2000-muertos-y-5000-desaparecidos-por-ciclon-daniel","status":"publish","type":"post","link":"https:\/\/radiocresatelital.com\/?p=4059","title":{"rendered":"Libia: M\u00e1s de 2000 muertos y 5000 desaparecidos por cicl\u00f3n Daniel"},"content":{"rendered":"<div class=\"paragraph\">\n<p>Libia.- El cicl\u00f3n Daniel ha arrasado las zonas residenciales de Libia, dejando m\u00e1s de 2000 personas muertas y supera los 5000 desaparecidos, informan las autoridades. El viceprimer ministro del gobierno paralelo del este, <b>Ali al Gatrani<\/b>, pidi\u00f3 ayuda humanitaria a la comunidad internacional, principalmente para las zonas m\u00e1s afectadas como Derna, que esta aislada, sin agua, sin energ\u00eda el\u00e9ctrica y declarada zona catastr\u00f3fica.<\/p>\n<p>Por otra parte, el primer ministro del Gobierno de Unidad Nacional (<b>GUN<\/b>), afincado en Tr\u00edpoli, <b>Abdulhamid Debiba<\/b>, decret\u00f3 3 d\u00edas de luto por las v\u00edctimas y \u00a0prometi\u00f3 indemnizarar a todos los afectados por las inundaciones.<\/p>\n<p>Libya Observer, asegura que debido a las torrenciales lluvias, dos presas de Derna se derrumbaron y liberaron <b>33 millones de metros c\u00fabicos<\/b> de agua, lo que destruy\u00f3 todo a su paso, incluidos puentes y edificios . Otras ciudades tambi\u00e9n han sido castigadas por la lluvia y los vientos de hasta 180 km\/hora, entre ellas\u00a0 Misrata, Al <b>Bayda\u00a0<\/b>y\u00a0<b>Marj <\/b>.<\/p>\n<\/div>\n<div class=\"paragraph\">\n<p>El\u00a0<b>Banco Central<\/b> libio anunci\u00f3 la creaci\u00f3n de un comit\u00e9 de crisis con el fin de cubrir las necesidades de liquidez del <b>Gobierno\u00a0<\/b>del este, los bancos comerciales y ciudadanos de las \u00e1reas damnificadas as\u00ed como la apertura de un puente a\u00e9reo para el\u00a0<b>env\u00edo de dinero<\/b>.<\/p>\n<\/div>\n","protected":false},"excerpt":{"rendered":"<p>Libia.- El cicl\u00f3n Daniel ha arrasado las zonas residenciales de Libia, dejando m\u00e1s de 2000 personas muertas y supera los 5000 desaparecidos, informan las autoridades. El viceprimer ministro del gobierno paralelo del este, Ali al Gatrani, pidi\u00f3 ayuda humanitaria a la comunidad internacional, principalmente para las zonas m\u00e1s afectadas como Derna, que esta aislada, sin [&hellip;]<\/p>\n","protected":false},"author":3,"featured_media":4062,"comment_status":"open","ping_status":"closed","sticky":false,"template":"","format":"standard","meta":{"_jetpack_memberships_contains_paid_content":false,"footnotes":""},"categories":[11],"tags":[781],"class_list":["post-4059","post","type-post","status-publish","format-standard","has-post-thumbnail","hentry","category-noticias-internacionales","tag-ciclon-daniel"],"jetpack_featured_media_url":"https:\/\/radiocresatelital.com\/wp-content\/uploads\/2023\/09\/ciclon-en-libia.jpeg","jetpack_sharing_enabled":true,"_links":{"self":[{"href":"https:\/\/radiocresatelital.com\/index.php?rest_route=\/wp\/v2\/posts\/4059","targetHints":{"allow":["GET"]}}],"collection":[{"href":"https:\/\/radiocresatelital.com\/index.php?rest_route=\/wp\/v2\/posts"}],"about":[{"href":"https:\/\/radiocresatelital.com\/index.php?rest_route=\/wp\/v2\/types\/post"}],"author":[{"embeddable":true,"href":"https:\/\/radiocresatelital.com\/index.php?rest_route=\/wp\/v2\/users\/3"}],"replies":[{"embeddable":true,"href":"https:\/\/radiocresatelital.com\/index.php?rest_route=%2Fwp%2Fv2%2Fcomments&post=4059"}],"version-history":[{"count":2,"href":"https:\/\/radiocresatelital.com\/index.php?rest_route=\/wp\/v2\/posts\/4059\/revisions"}],"predecessor-version":[{"id":4067,"href":"https:\/\/radiocresatelital.com\/index.php?rest_route=\/wp\/v2\/posts\/4059\/revisions\/4067"}],"wp:featuredmedia":[{"embeddable":true,"href":"https:\/\/radiocresatelital.com\/index.php?rest_route=\/wp\/v2\/media\/4062"}],"wp:attachment":[{"href":"https:\/\/radiocresatelital.com\/index.php?rest_route=%2Fwp%2Fv2%2Fmedia&parent=4059"}],"wp:term":[{"taxonomy":"category","embeddable":true,"href":"https:\/\/radiocresatelital.com\/index.php?rest_route=%2Fwp%2Fv2%2Fcategories&post=4059"},{"taxonomy":"post_tag","embeddable":true,"href":"https:\/\/radiocresatelital.com\/index.php?rest_route=%2Fwp%2Fv2%2Ftags&post=4059"}],"curies":[{"name":"wp","href":"https:\/\/api.w.org\/{rel}","templated":true}]}}