{"id":40589,"date":"2025-10-30T21:15:37","date_gmt":"2025-10-30T21:15:37","guid":{"rendered":"https:\/\/radiocresatelital.com\/?p=40589"},"modified":"2025-10-30T23:17:23","modified_gmt":"2025-10-30T23:17:23","slug":"ecuador-impulsa-la-transformacion-del-sector-agroalimentario-con-la-primera-convencion-enfocada-en-el-futuro-de-la-alimentacion","status":"publish","type":"post","link":"https:\/\/radiocresatelital.com\/?p=40589","title":{"rendered":"Ecuador impulsa la transformaci\u00f3n del sector agroalimentario con la Primera Convenci\u00f3n enfocada en el futuro de la alimentaci\u00f3n"},"content":{"rendered":"<p>Quito.- Con la participaci\u00f3n de m\u00e1s de 500 asistentes, entre autoridades, empresarios, acad\u00e9micos y representantes de organismos internacionales, este mi\u00e9rcoles 29 de octubre se llev\u00f3 a cabo con \u00e9xito la Primera Convenci\u00f3n Ecuador Agroalimentario 2025 &#8211; \u201cTransformando la Alimentaci\u00f3n\u201d. Este evento marc\u00f3 un hito para el pa\u00eds al fomentar la innovaci\u00f3n, sostenibilidad y competitividad del sector agroalimentario ecuatoriano a trav\u00e9s de charlas, paneles y una sala de exposici\u00f3n con m\u00e1s de 20 organizaciones participantes.<\/p>\n<p>Durante la intervenci\u00f3n de Andr\u00e9s Robalino, viceministro de Producci\u00f3n e Industrias, destac\u00f3 el compromiso del Gobierno con el fortalecimiento del sector agroalimentario y su papel estrat\u00e9gico en la econom\u00eda nacional \u201cDesde el Ministerio de Producci\u00f3n tenemos tres compromisos con el sector: el primero, la competitividad, con el acompa\u00f1amiento de Harvard y la Corporaci\u00f3n Andina de Fomento en el desarrollo del primer proyecto de pol\u00edticas de competitividad del pa\u00eds; el segundo, la facilitaci\u00f3n de exportaciones, con nuevas negociaciones comerciales en curso con Emiratos \u00c1rabes, Jap\u00f3n, Panam\u00e1 y Rep\u00fablica Dominicana; y el tercero, la digitalizaci\u00f3n, a trav\u00e9s de la implementaci\u00f3n del sistema PALANTIR junto con la Aduana, una herramienta de nivel mundial que se integra con sistemas nacionales como el SRI y otras instituciones\u201d, se\u00f1al\u00f3 Robalino.<\/p>\n<p>Julio De La Calle, director de Proyectos e Innovaci\u00f3n de ANFAB, resalta el valor de este encuentro para fortalecer el ecosistema agroalimentario nacional, potenciando no solo espacios de di\u00e1logo presencial sino tambi\u00e9n el entorno virtual Ecuador Agroalimentario (ecuadoragroalimentario.com), plataforma digital creada en el marco del proyecto CREA, cofinanciado por la Uni\u00f3n Europea, que se encuentra a disposici\u00f3n de la ciudadan\u00eda de manera gratuita.<\/p>\n<p>\u201cLa Convenci\u00f3n Ecuador Agroalimentario marca un hito para el sector agroalimentario y sus actores. Hemos reunido por primera vez a cientos de representantes del sector para dialogar, proponer y proyectar el futuro de la alimentaci\u00f3n en el pa\u00eds. Este es el inicio de un trabajo conjunto que conectan las exigencias del consumidor, con la innovaci\u00f3n de la industria y el campo, transformando de esta manera la alimentaci\u00f3n en nuestro pa\u00eds.\u201d<\/p>\n<p>La jornada cont\u00f3 con diversos espacios de networking, lo que reafirma el compromiso de los actores del ecosistema agroalimentario con el desarrollo sostenible e inclusivo del pa\u00eds.<\/p>\n","protected":false},"excerpt":{"rendered":"<p>Quito.- Con la participaci\u00f3n de m\u00e1s de 500 asistentes, entre autoridades, empresarios, acad\u00e9micos y representantes de organismos internacionales, este mi\u00e9rcoles 29 de octubre se llev\u00f3 a cabo con \u00e9xito la Primera Convenci\u00f3n Ecuador Agroalimentario 2025 &#8211; \u201cTransformando la Alimentaci\u00f3n\u201d. Este evento marc\u00f3 un hito para el pa\u00eds al fomentar la innovaci\u00f3n, sostenibilidad y competitividad del [&hellip;]<\/p>\n","protected":false},"author":2,"featured_media":40590,"comment_status":"open","ping_status":"closed","sticky":false,"template":"","format":"standard","meta":{"_jetpack_memberships_contains_paid_content":false,"footnotes":""},"categories":[13],"tags":[6458,6459],"class_list":["post-40589","post","type-post","status-publish","format-standard","has-post-thumbnail","hentry","category-noticias-nacionales","tag-primera-convencion-ecuador-agroalimentario-2025","tag-transformando-la-alimentacion"],"jetpack_featured_media_url":"https:\/\/radiocresatelital.com\/wp-content\/uploads\/2025\/10\/WhatsApp-Image-2025-10-30-at-16.31.57.jpeg","jetpack_sharing_enabled":true,"_links":{"self":[{"href":"https:\/\/radiocresatelital.com\/index.php?rest_route=\/wp\/v2\/posts\/40589","targetHints":{"allow":["GET"]}}],"collection":[{"href":"https:\/\/radiocresatelital.com\/index.php?rest_route=\/wp\/v2\/posts"}],"about":[{"href":"https:\/\/radiocresatelital.com\/index.php?rest_route=\/wp\/v2\/types\/post"}],"author":[{"embeddable":true,"href":"https:\/\/radiocresatelital.com\/index.php?rest_route=\/wp\/v2\/users\/2"}],"replies":[{"embeddable":true,"href":"https:\/\/radiocresatelital.com\/index.php?rest_route=%2Fwp%2Fv2%2Fcomments&post=40589"}],"version-history":[{"count":1,"href":"https:\/\/radiocresatelital.com\/index.php?rest_route=\/wp\/v2\/posts\/40589\/revisions"}],"predecessor-version":[{"id":40591,"href":"https:\/\/radiocresatelital.com\/index.php?rest_route=\/wp\/v2\/posts\/40589\/revisions\/40591"}],"wp:featuredmedia":[{"embeddable":true,"href":"https:\/\/radiocresatelital.com\/index.php?rest_route=\/wp\/v2\/media\/40590"}],"wp:attachment":[{"href":"https:\/\/radiocresatelital.com\/index.php?rest_route=%2Fwp%2Fv2%2Fmedia&parent=40589"}],"wp:term":[{"taxonomy":"category","embeddable":true,"href":"https:\/\/radiocresatelital.com\/index.php?rest_route=%2Fwp%2Fv2%2Fcategories&post=40589"},{"taxonomy":"post_tag","embeddable":true,"href":"https:\/\/radiocresatelital.com\/index.php?rest_route=%2Fwp%2Fv2%2Ftags&post=40589"}],"curies":[{"name":"wp","href":"https:\/\/api.w.org\/{rel}","templated":true}]}}