{"id":40576,"date":"2025-10-30T21:57:50","date_gmt":"2025-10-30T21:57:50","guid":{"rendered":"https:\/\/radiocresatelital.com\/?p=40576"},"modified":"2025-10-30T21:57:50","modified_gmt":"2025-10-30T21:57:50","slug":"movistar-best-pc-pelea-el-liderato-y-la-montana-de-la-vuelta-a-guatemala","status":"publish","type":"post","link":"https:\/\/radiocresatelital.com\/?p=40576","title":{"rendered":"Movistar Best PC Pelea el liderato y la monta\u00f1a de la Vuelta a Guatemala"},"content":{"rendered":"<p>Guatemala.- Los ciclistas del <strong>Movistar Best PC,<\/strong> el colombiano<strong>\u00a0 <\/strong>Carlos Guti\u00e9rrez y Jimmy Santiago Montenegro se mantienen en la pelea por el liderato de la clasificaci\u00f3n genaral y los premios de monta\u00f1a, tras la s\u00e9ptima etapa de la edici\u00f3n 64 de la Vuelta a Guatemala.<\/p>\n<p>El cafetero cruz\u00f3 la l\u00ednea de meta, ubicada en San Francisco El Alto, en la sexta casilla de la jornada que tuvo 137 kil\u00f3metros de distancia, con lo que conserv\u00f3 el tercer lugar en la general, liderada por Camilo Mu\u00f1oz (NU Colombia).<\/p>\n<p>Entre tanto, Monetegro, oriundo de El Play\u00f3n de San Francisco en la provincia de Sucumb\u00edos, escal\u00f3 a la segunda posici\u00f3n de los premios de monta\u00f1a. Mientras que en la general ocupa la plaza 22.<\/p>\n<p>Otro de los destacados pedalistas del <strong>Movistar Best PC <\/strong>fue Bryan Obando, quien es el mejor ecuatoriano ubicado en la general, ocupando el quinto lugar.<\/p>\n<p>La buena noticia de la s\u00e9ptima jornada para el \u00fanico equipo continental ecuatoriano, fue el ascenso de Richard Huera, que pas\u00f3 del lugar 52 al 46. En tanto que H\u00e9ctor \u00c1lvarez se coloca en el puesto 33 y Byron Guam\u00e1 en la 38.<\/p>\n<p>La octava etapa de la edici\u00f3n 64 de la Vuelta a Guatemala se cumplir\u00e1 este viernes 31 de octubre, entre las localidades de San Juan La Laguna y Tecp\u00e1n, sobre 128 kil\u00f3metros.<\/p>\n","protected":false},"excerpt":{"rendered":"<p>Guatemala.- Los ciclistas del Movistar Best PC, el colombiano\u00a0 Carlos Guti\u00e9rrez y Jimmy Santiago Montenegro se mantienen en la pelea por el liderato de la clasificaci\u00f3n genaral y los premios de monta\u00f1a, tras la s\u00e9ptima etapa de la edici\u00f3n 64 de la Vuelta a Guatemala. El cafetero cruz\u00f3 la l\u00ednea de meta, ubicada en San [&hellip;]<\/p>\n","protected":false},"author":2,"featured_media":40577,"comment_status":"open","ping_status":"closed","sticky":false,"template":"","format":"standard","meta":{"_jetpack_memberships_contains_paid_content":false,"footnotes":""},"categories":[120,9],"tags":[1029],"class_list":["post-40576","post","type-post","status-publish","format-standard","has-post-thumbnail","hentry","category-ciclismo","category-deportes","tag-movistar-best-pc"],"jetpack_featured_media_url":"https:\/\/radiocresatelital.com\/wp-content\/uploads\/2025\/10\/WhatsApp-Image-2025-10-30-at-16.47.07.jpeg","jetpack_sharing_enabled":true,"_links":{"self":[{"href":"https:\/\/radiocresatelital.com\/index.php?rest_route=\/wp\/v2\/posts\/40576","targetHints":{"allow":["GET"]}}],"collection":[{"href":"https:\/\/radiocresatelital.com\/index.php?rest_route=\/wp\/v2\/posts"}],"about":[{"href":"https:\/\/radiocresatelital.com\/index.php?rest_route=\/wp\/v2\/types\/post"}],"author":[{"embeddable":true,"href":"https:\/\/radiocresatelital.com\/index.php?rest_route=\/wp\/v2\/users\/2"}],"replies":[{"embeddable":true,"href":"https:\/\/radiocresatelital.com\/index.php?rest_route=%2Fwp%2Fv2%2Fcomments&post=40576"}],"version-history":[{"count":1,"href":"https:\/\/radiocresatelital.com\/index.php?rest_route=\/wp\/v2\/posts\/40576\/revisions"}],"predecessor-version":[{"id":40578,"href":"https:\/\/radiocresatelital.com\/index.php?rest_route=\/wp\/v2\/posts\/40576\/revisions\/40578"}],"wp:featuredmedia":[{"embeddable":true,"href":"https:\/\/radiocresatelital.com\/index.php?rest_route=\/wp\/v2\/media\/40577"}],"wp:attachment":[{"href":"https:\/\/radiocresatelital.com\/index.php?rest_route=%2Fwp%2Fv2%2Fmedia&parent=40576"}],"wp:term":[{"taxonomy":"category","embeddable":true,"href":"https:\/\/radiocresatelital.com\/index.php?rest_route=%2Fwp%2Fv2%2Fcategories&post=40576"},{"taxonomy":"post_tag","embeddable":true,"href":"https:\/\/radiocresatelital.com\/index.php?rest_route=%2Fwp%2Fv2%2Ftags&post=40576"}],"curies":[{"name":"wp","href":"https:\/\/api.w.org\/{rel}","templated":true}]}}