{"id":40573,"date":"2025-10-30T18:51:48","date_gmt":"2025-10-30T18:51:48","guid":{"rendered":"https:\/\/radiocresatelital.com\/?p=40573"},"modified":"2025-10-30T21:54:09","modified_gmt":"2025-10-30T21:54:09","slug":"misterio-llega-a-village-con-actividad-para-los-mas-pequenos","status":"publish","type":"post","link":"https:\/\/radiocresatelital.com\/?p=40573","title":{"rendered":"Misterio llega a Village con actividad para los m\u00e1s peque\u00f1os"},"content":{"rendered":"<p>Guayaquil.- Este viernes 31 de octubre, Village invita al p\u00fablico en general a ser parte de su especial \u00abEn Halloween, Abre, R\u00ede y As\u00fastate\u00bb, una tarde llena de diversi\u00f3n, misterios y sorpresas espeluznantes para toda la familia.<\/p>\n<p>Durante la jornada, los clientes y visitantes podr\u00e1n disfrutar de una experiencia tem\u00e1tica donde el suspenso ser\u00e1 el protagonista con actividades como: \u00a0puertas misteriosas, sorpresas espeluznantes y entrega de dulces en diferentes locales del centro comercial.<\/p>\n<p>Adem\u00e1s, los ni\u00f1os podr\u00e1n retirar su calabaza en la tienda Happy City, presentando una factura de un m\u00ednimo de $5 por ni\u00f1o, en horarios de 16h00 a 20h00.<\/p>\n<p>A partir de las 17h00, Village contar\u00e1 con la divertida visita de algunos personajes del elenco de Los Locos Addams, donde Largo y T\u00edo Cosa har\u00e1n re\u00edr y asustar a grandes y chicos con sus ocurrencias. Los asistentes tambi\u00e9n podr\u00e1n tomarse fotos con ellos y disfrutar de una especial actividad de \u201cCuenta Cuentos\u201d con La Abuela Addams, quien narrar\u00e1 historias que combinar\u00e1n fantas\u00eda y un toque de misterio.<\/p>\n<p>De esta manera, Village invita a sus clientes y visitantes a disfrutar de una tarde y noche llena intriga y dulces en esta celebraci\u00f3n de Halloween, en un ambiente seguro y entretenido para toda la familia. Para m\u00e1s informaci\u00f3n o novedades, Village invita a seguirlos en sus redes sociales @village.ec.<\/p>\n","protected":false},"excerpt":{"rendered":"<p>Guayaquil.- Este viernes 31 de octubre, Village invita al p\u00fablico en general a ser parte de su especial \u00abEn Halloween, Abre, R\u00ede y As\u00fastate\u00bb, una tarde llena de diversi\u00f3n, misterios y sorpresas espeluznantes para toda la familia. Durante la jornada, los clientes y visitantes podr\u00e1n disfrutar de una experiencia tem\u00e1tica donde el suspenso ser\u00e1 el [&hellip;]<\/p>\n","protected":false},"author":2,"featured_media":40574,"comment_status":"open","ping_status":"closed","sticky":false,"template":"","format":"standard","meta":{"_jetpack_memberships_contains_paid_content":false,"footnotes":""},"categories":[13],"tags":[2664],"class_list":["post-40573","post","type-post","status-publish","format-standard","has-post-thumbnail","hentry","category-noticias-nacionales","tag-centro-comercial-village"],"jetpack_featured_media_url":"https:\/\/radiocresatelital.com\/wp-content\/uploads\/2025\/10\/WhatsApp-Image-2025-10-29-at-18.08.07.jpeg","jetpack_sharing_enabled":true,"_links":{"self":[{"href":"https:\/\/radiocresatelital.com\/index.php?rest_route=\/wp\/v2\/posts\/40573","targetHints":{"allow":["GET"]}}],"collection":[{"href":"https:\/\/radiocresatelital.com\/index.php?rest_route=\/wp\/v2\/posts"}],"about":[{"href":"https:\/\/radiocresatelital.com\/index.php?rest_route=\/wp\/v2\/types\/post"}],"author":[{"embeddable":true,"href":"https:\/\/radiocresatelital.com\/index.php?rest_route=\/wp\/v2\/users\/2"}],"replies":[{"embeddable":true,"href":"https:\/\/radiocresatelital.com\/index.php?rest_route=%2Fwp%2Fv2%2Fcomments&post=40573"}],"version-history":[{"count":1,"href":"https:\/\/radiocresatelital.com\/index.php?rest_route=\/wp\/v2\/posts\/40573\/revisions"}],"predecessor-version":[{"id":40575,"href":"https:\/\/radiocresatelital.com\/index.php?rest_route=\/wp\/v2\/posts\/40573\/revisions\/40575"}],"wp:featuredmedia":[{"embeddable":true,"href":"https:\/\/radiocresatelital.com\/index.php?rest_route=\/wp\/v2\/media\/40574"}],"wp:attachment":[{"href":"https:\/\/radiocresatelital.com\/index.php?rest_route=%2Fwp%2Fv2%2Fmedia&parent=40573"}],"wp:term":[{"taxonomy":"category","embeddable":true,"href":"https:\/\/radiocresatelital.com\/index.php?rest_route=%2Fwp%2Fv2%2Fcategories&post=40573"},{"taxonomy":"post_tag","embeddable":true,"href":"https:\/\/radiocresatelital.com\/index.php?rest_route=%2Fwp%2Fv2%2Ftags&post=40573"}],"curies":[{"name":"wp","href":"https:\/\/api.w.org\/{rel}","templated":true}]}}