{"id":40566,"date":"2025-10-30T21:24:58","date_gmt":"2025-10-30T21:24:58","guid":{"rendered":"https:\/\/radiocresatelital.com\/?p=40566"},"modified":"2025-10-30T21:24:58","modified_gmt":"2025-10-30T21:24:58","slug":"cuenca-natural-flow-convoco-a-mas-de-70-mil-personas-en-un-festival-por-la-conservacion-de-los-paramos","status":"publish","type":"post","link":"https:\/\/radiocresatelital.com\/?p=40566","title":{"rendered":"\u201cCuenca Natural Flow\u201d convoc\u00f3 a m\u00e1s de 70 mil personas en un festival por la conservaci\u00f3n de los p\u00e1ramos"},"content":{"rendered":"<p class=\"has-medium-font-size\">Cuenca.- M\u00e1s de 70 mil personas se unieron en Cuenca para participar en el festival \u201cCuenca Natural Flow\u201d, un encuentro art\u00edstico y cultural por la conservaci\u00f3n de los p\u00e1ramos y los recursos h\u00eddricos. Como parte del compromiso ambiental del Gobierno, cada asistente sembrar\u00e1 una planta nativa de p\u00e1ramo, perteneciente a una de dos especies altoandinas seleccionadas, lo que representa 70 mil nuevas plantas que fortalecer\u00e1n los ecosistemas de monta\u00f1a mediante procesos planificados de reforestaci\u00f3n.<\/p>\n<p class=\"has-medium-font-size\">El evento fue desarrollado por el Gobierno de El Nuevo Ecuador, a trav\u00e9s del Ministerio de Ambiente y Energ\u00eda (MAE), y cont\u00f3 con el apoyo de la Corporaci\u00f3n Nacional de Telecomunicaciones (CNT). La iniciativa combin\u00f3 cultura urbana y sostenibilidad ambiental para sensibilizar a la ciudadan\u00eda sobre la importancia de proteger los ecosistemas que proveen el agua para millones de ecuatorianos.<\/p>\n<p class=\"has-medium-font-size\">Durante la jornada, adem\u00e1s de disfrutar de la presentaci\u00f3n de artistas nacionales e internacionales, se resalt\u00f3 el valor de las 34 \u00e1reas protegidas con ecosistemas de p\u00e1ramo, esenciales para la regulaci\u00f3n h\u00eddrica, la generaci\u00f3n hidroel\u00e9ctrica y la captura de carbono, contribuyendo a enfrentar el cambio clim\u00e1tico.<\/p>\n<p class=\"has-medium-font-size\">En el marco del festival, el Ministerio de Ambiente y Energ\u00eda anunci\u00f3 la declaratoria del \u00c1rea Protegida Comunitaria Virgen del Rosario, en la provincia del Azuay, con una extensi\u00f3n de 2.175 hect\u00e1reas de ecosistemas de p\u00e1ramo; as\u00ed como la declaratoria de 312 hect\u00e1reas del Bosque y Vegetaci\u00f3n Protector La Josefina, que garantiza la protecci\u00f3n legal y ecol\u00f3gica de una zona clave en la cuenca del r\u00edo Paute.<\/p>\n<p class=\"has-medium-font-size\">Asimismo, se oficializ\u00f3 la creaci\u00f3n del Comit\u00e9 Nacional de Coordinaci\u00f3n de Reservas de Biosfera del Ecuador, orientado a fortalecer la gobernanza y la gesti\u00f3n integrada de las ocho Reservas de Biosfera reconocidas por la UNESCO, que abarcan m\u00e1s de 23 millones de hect\u00e1reas.<\/p>\n<p class=\"has-medium-font-size\">Con iniciativas como \u201cCuenca Natural Flow\u201d, el Gobierno de El Nuevo Ecuador ratifica su compromiso con una gesti\u00f3n ambiental participativa, que une a los ecuatorianos en torno a la conservaci\u00f3n, demostrando que la sostenibilidad tambi\u00e9n se construye desde la cultura, el arte y la unidad nacional.<\/p>\n","protected":false},"excerpt":{"rendered":"<p>Cuenca.- M\u00e1s de 70 mil personas se unieron en Cuenca para participar en el festival \u201cCuenca Natural Flow\u201d, un encuentro art\u00edstico y cultural por la conservaci\u00f3n de los p\u00e1ramos y los recursos h\u00eddricos. Como parte del compromiso ambiental del Gobierno, cada asistente sembrar\u00e1 una planta nativa de p\u00e1ramo, perteneciente a una de dos especies altoandinas [&hellip;]<\/p>\n","protected":false},"author":2,"featured_media":40567,"comment_status":"open","ping_status":"closed","sticky":false,"template":"","format":"standard","meta":{"_jetpack_memberships_contains_paid_content":false,"footnotes":""},"categories":[13],"tags":[6456],"class_list":["post-40566","post","type-post","status-publish","format-standard","has-post-thumbnail","hentry","category-noticias-nacionales","tag-cuenca-natural-flow"],"jetpack_featured_media_url":"https:\/\/radiocresatelital.com\/wp-content\/uploads\/2025\/10\/WhatsApp-Image-2025-10-30-at-09.04.36.png","jetpack_sharing_enabled":true,"_links":{"self":[{"href":"https:\/\/radiocresatelital.com\/index.php?rest_route=\/wp\/v2\/posts\/40566","targetHints":{"allow":["GET"]}}],"collection":[{"href":"https:\/\/radiocresatelital.com\/index.php?rest_route=\/wp\/v2\/posts"}],"about":[{"href":"https:\/\/radiocresatelital.com\/index.php?rest_route=\/wp\/v2\/types\/post"}],"author":[{"embeddable":true,"href":"https:\/\/radiocresatelital.com\/index.php?rest_route=\/wp\/v2\/users\/2"}],"replies":[{"embeddable":true,"href":"https:\/\/radiocresatelital.com\/index.php?rest_route=%2Fwp%2Fv2%2Fcomments&post=40566"}],"version-history":[{"count":1,"href":"https:\/\/radiocresatelital.com\/index.php?rest_route=\/wp\/v2\/posts\/40566\/revisions"}],"predecessor-version":[{"id":40568,"href":"https:\/\/radiocresatelital.com\/index.php?rest_route=\/wp\/v2\/posts\/40566\/revisions\/40568"}],"wp:featuredmedia":[{"embeddable":true,"href":"https:\/\/radiocresatelital.com\/index.php?rest_route=\/wp\/v2\/media\/40567"}],"wp:attachment":[{"href":"https:\/\/radiocresatelital.com\/index.php?rest_route=%2Fwp%2Fv2%2Fmedia&parent=40566"}],"wp:term":[{"taxonomy":"category","embeddable":true,"href":"https:\/\/radiocresatelital.com\/index.php?rest_route=%2Fwp%2Fv2%2Fcategories&post=40566"},{"taxonomy":"post_tag","embeddable":true,"href":"https:\/\/radiocresatelital.com\/index.php?rest_route=%2Fwp%2Fv2%2Ftags&post=40566"}],"curies":[{"name":"wp","href":"https:\/\/api.w.org\/{rel}","templated":true}]}}