{"id":40560,"date":"2025-10-30T20:14:29","date_gmt":"2025-10-30T20:14:29","guid":{"rendered":"https:\/\/radiocresatelital.com\/?p=40560"},"modified":"2025-10-30T21:18:17","modified_gmt":"2025-10-30T21:18:17","slug":"ecotec-lidera-un-ano-mas-como-la-mejor-universidad-para-trabajar-para-mujeres-en-ecuador","status":"publish","type":"post","link":"https:\/\/radiocresatelital.com\/?p=40560","title":{"rendered":"Ecotec lidera un a\u00f1o m\u00e1s como la mejor universidad para trabajar para mujeres en Ecuador"},"content":{"rendered":"<p>Guayaquil.- La Universidad Tecnol\u00f3gica ECOTEC ha sido reconocida, un a\u00f1o m\u00e1s, con el Premio Violeta del ranking Great Place to Work 2025, consolid\u00e1ndose nuevamente como la mejor universidad para trabajar para mujeres en Ecuador. La ceremonia de premiaci\u00f3n se llev\u00f3 a cabo durante el Violeta Summit 2025, donde se destac\u00f3 el compromiso de la universidad con la equidad de g\u00e9nero, la inclusi\u00f3n y el bienestar laboral.<\/p>\n<p>Mgtr. Estefan\u00eda Le\u00f3n, Vicerrectora Administrativa, y Abg. Patricia Bodero, Directora de Talento Humano, reciben el reconocimiento Violeta de Great Place To Work 2025 Este reconocimiento, entregado por Great Place to Work\u00ae (GPTW), firma global l\u00edder en evaluaci\u00f3n de clima y cultura organizacional en m\u00e1s de 60 pa\u00edses, se basa en encuestas<br \/>\naplicadas directamente a los colaboradores, midiendo aspectos clave como confianza, liderazgo, equidad y ambiente de trabajo para mujeres. Obtener esta distinci\u00f3n reafirma que la Universidad ECOTEC no solo forma profesionales con prop\u00f3sito, sino tambi\u00e9n una comunidad laboral donde el respeto y la excelencia son pilares de su gesti\u00f3n.<\/p>\n<p>Durante sus 19 a\u00f1os de vida institucional, ECOTEC ha consolidado una cultura organizacional s\u00f3lida, que valora el crecimiento humano y profesional de su equipo, promueve la innovaci\u00f3n, el aprendizaje continuo y el liderazgo con prop\u00f3sito. Este reconocimiento destaca el impacto real de ECOTEC con una estructura laboral que inspira confianza, compromiso y sentido de pertenencia.<\/p>\n<p>La Universidad ECOTEC contin\u00faa proyectando su visi\u00f3n hacia el futuro, explorando nuevas oportunidades, liderando con prop\u00f3sito y transformando realidades, que reflejan su esencia en cada directivo, docente y colaborador que forma parte de la instituci\u00f3n. Este reconocimiento reafirma su compromiso de seguir siendo un gran lugar para trabajar, un referente en cultura organizacional y un modelo de liderazgo humano dentro de la educaci\u00f3n superior ecuatoriana.<\/p>\n","protected":false},"excerpt":{"rendered":"<p>Guayaquil.- La Universidad Tecnol\u00f3gica ECOTEC ha sido reconocida, un a\u00f1o m\u00e1s, con el Premio Violeta del ranking Great Place to Work 2025, consolid\u00e1ndose nuevamente como la mejor universidad para trabajar para mujeres en Ecuador. La ceremonia de premiaci\u00f3n se llev\u00f3 a cabo durante el Violeta Summit 2025, donde se destac\u00f3 el compromiso de la universidad [&hellip;]<\/p>\n","protected":false},"author":2,"featured_media":40561,"comment_status":"open","ping_status":"closed","sticky":false,"template":"","format":"standard","meta":{"_jetpack_memberships_contains_paid_content":false,"footnotes":""},"categories":[13],"tags":[4311],"class_list":["post-40560","post","type-post","status-publish","format-standard","has-post-thumbnail","hentry","category-noticias-nacionales","tag-universidad-tecnologica-ecotec"],"jetpack_featured_media_url":"https:\/\/radiocresatelital.com\/wp-content\/uploads\/2025\/10\/DSC05796.jpg","jetpack_sharing_enabled":true,"_links":{"self":[{"href":"https:\/\/radiocresatelital.com\/index.php?rest_route=\/wp\/v2\/posts\/40560","targetHints":{"allow":["GET"]}}],"collection":[{"href":"https:\/\/radiocresatelital.com\/index.php?rest_route=\/wp\/v2\/posts"}],"about":[{"href":"https:\/\/radiocresatelital.com\/index.php?rest_route=\/wp\/v2\/types\/post"}],"author":[{"embeddable":true,"href":"https:\/\/radiocresatelital.com\/index.php?rest_route=\/wp\/v2\/users\/2"}],"replies":[{"embeddable":true,"href":"https:\/\/radiocresatelital.com\/index.php?rest_route=%2Fwp%2Fv2%2Fcomments&post=40560"}],"version-history":[{"count":1,"href":"https:\/\/radiocresatelital.com\/index.php?rest_route=\/wp\/v2\/posts\/40560\/revisions"}],"predecessor-version":[{"id":40562,"href":"https:\/\/radiocresatelital.com\/index.php?rest_route=\/wp\/v2\/posts\/40560\/revisions\/40562"}],"wp:featuredmedia":[{"embeddable":true,"href":"https:\/\/radiocresatelital.com\/index.php?rest_route=\/wp\/v2\/media\/40561"}],"wp:attachment":[{"href":"https:\/\/radiocresatelital.com\/index.php?rest_route=%2Fwp%2Fv2%2Fmedia&parent=40560"}],"wp:term":[{"taxonomy":"category","embeddable":true,"href":"https:\/\/radiocresatelital.com\/index.php?rest_route=%2Fwp%2Fv2%2Fcategories&post=40560"},{"taxonomy":"post_tag","embeddable":true,"href":"https:\/\/radiocresatelital.com\/index.php?rest_route=%2Fwp%2Fv2%2Ftags&post=40560"}],"curies":[{"name":"wp","href":"https:\/\/api.w.org\/{rel}","templated":true}]}}