{"id":40538,"date":"2025-10-30T20:45:57","date_gmt":"2025-10-30T20:45:57","guid":{"rendered":"https:\/\/radiocresatelital.com\/?p=40538"},"modified":"2025-10-30T20:51:51","modified_gmt":"2025-10-30T20:51:51","slug":"presidente-daniel-noboa-cumple-con-al-comunidad-educativa-de-santo-domingo-entrego-al-repotenciacion-de-la-u-e-san-jacinto-del-bua","status":"publish","type":"post","link":"https:\/\/radiocresatelital.com\/?p=40538","title":{"rendered":"Presidente Daniel Noboa cumple con al comunidad educativa de santo Domingo entreg\u00f3 al repotenciaci\u00f3n de la U.E. San Jacinto del B\u00faa"},"content":{"rendered":"<p>Sto. Domingo. \u2013 M\u00e1s de 1.550 estudiantes y 57 docentes recibieron hoy, 30 de octubre de 2025, las nuevas instalaciones de su Unidad Educativa San Jacinto del B\u00faa, ubicada en Santo Domingo. El presidente de la Rep\u00fablica, Daniel Noboa, visit\u00f3 a la comunidad educativa y expres\u00f3: \u201cTienen en esta unidad educativa una instalaci\u00f3n que les garantiza su derecho una educaci\u00f3n de calidad, en las mejores condiciones\u201d, asegur\u00f3.<\/p>\n<p>La entrega de hoy es parte del proyecto integral de reapertura y mantenimiento de 50 escuelas rurales, con una inversi\u00f3n de m\u00e1s USD 5 millones. La iniciativa fortalece la educaci\u00f3n en territorios hist\u00f3ricamente relegados dijo Noboa: \u201cTenemos presente lo que una escuela rural significa para una comunidad: un espacio de impulso cultural, social y econ\u00f3mico para todas y todos\u201d.<\/p>\n<p>La Unidad Educativa San Jacinto del B\u00faa tiene tres bloques: de bachillerato, otro de tercero a d\u00e9cimo de b\u00e1sica, y el \u00faltimo para estudiantes de Educaci\u00f3n Inicial a segundo de b\u00e1sica. Para esta unidad educativa se invirti\u00f3 USD 809.000 con lo que tambi\u00e9n se equip\u00f3 aulas, hay canchas, laboratorio de computaci\u00f3n, espacios de recreaci\u00f3n y \u00e1rea de docentes, lo que la convierte en la unidad educativa m\u00e1s grande en la zona rural de Santo Domingo de los Ts\u00e1chilas.<\/p>\n<p>Esta intervenci\u00f3n integral responde al compromiso del Gobierno Nacional de garantizar una educaci\u00f3n de calidad para todas las ni\u00f1as, ni\u00f1os y j\u00f3venes, adem\u00e1s de reducir las brechas urbano-rurales. \u201cPorque cada escuela rehabilitada es una promesa cumplida, una puerta abierta al conocimiento y una oportunidad; es una inversi\u00f3n al futuro para una sociedad m\u00e1s digna, justa y equitativa\u201d, reiter\u00f3 el Mandatario en su visita.<\/p>\n<p>El proyecto, cuyo contrato se firm\u00f3 el 29 de mayo de 2025 con un plazo de 90 d\u00edas, no solo revitaliza la infraestructura educativa, sino que tambi\u00e9n promueve el desarrollo social y cultural de la comunidad, reafirmando el rol del Estado como garante del derecho a la educaci\u00f3n en condiciones dignas y seguras.<\/p>\n<p>La ministra de Educaci\u00f3n, Deporte y Cultura, Alegr\u00eda Crespo, reiter\u00f3 que con la entrega de la obra repotenciada \u201crenace toda la comunidad en la que cada aula abierta es una promesa cumplida, una victoria del Nuevo Ecuador\u201d.<\/p>\n<p>Para Luis Rodolfo Sol\u00f3rzano Saldarriaga, docente del plantel, la inversi\u00f3n del Gobierno Nacional en educaci\u00f3n permite mejores oportunidades educativas para sus alumnas y alumnos. Mientras que la estudiante Brithany Valeria Intriago dijo estar emocionada al estar en espacios modernos y recreativos de aprendizaje: \u201cNos motiva seguir adelante\u201d.<\/p>\n<p>El Presidente, al finalizar el recorrido por la unidad educativa, reiter\u00f3 que su gobierno se maneja con base a la eficiencia, transparencia y redistribuci\u00f3n justa del presupuesto nacional: \u201cLa rehabilitaci\u00f3n de esta escuela es s\u00edmbolo de lo que estamos construyendo: un pa\u00eds que se levanta, que se une, que no se rinde\u201d, expres\u00f3.<\/p>\n","protected":false},"excerpt":{"rendered":"<p>Sto. Domingo. \u2013 M\u00e1s de 1.550 estudiantes y 57 docentes recibieron hoy, 30 de octubre de 2025, las nuevas instalaciones de su Unidad Educativa San Jacinto del B\u00faa, ubicada en Santo Domingo. El presidente de la Rep\u00fablica, Daniel Noboa, visit\u00f3 a la comunidad educativa y expres\u00f3: \u201cTienen en esta unidad educativa una instalaci\u00f3n que les [&hellip;]<\/p>\n","protected":false},"author":2,"featured_media":40544,"comment_status":"open","ping_status":"closed","sticky":false,"template":"","format":"standard","meta":{"_jetpack_memberships_contains_paid_content":false,"footnotes":""},"categories":[13],"tags":[6454],"class_list":["post-40538","post","type-post","status-publish","format-standard","has-post-thumbnail","hentry","category-noticias-nacionales","tag-unidad-educativa-san-jacinto-del-bua"],"jetpack_featured_media_url":"https:\/\/radiocresatelital.com\/wp-content\/uploads\/2025\/10\/WhatsApp-Image-2025-10-30-at-15.05.33.jpeg","jetpack_sharing_enabled":true,"_links":{"self":[{"href":"https:\/\/radiocresatelital.com\/index.php?rest_route=\/wp\/v2\/posts\/40538","targetHints":{"allow":["GET"]}}],"collection":[{"href":"https:\/\/radiocresatelital.com\/index.php?rest_route=\/wp\/v2\/posts"}],"about":[{"href":"https:\/\/radiocresatelital.com\/index.php?rest_route=\/wp\/v2\/types\/post"}],"author":[{"embeddable":true,"href":"https:\/\/radiocresatelital.com\/index.php?rest_route=\/wp\/v2\/users\/2"}],"replies":[{"embeddable":true,"href":"https:\/\/radiocresatelital.com\/index.php?rest_route=%2Fwp%2Fv2%2Fcomments&post=40538"}],"version-history":[{"count":1,"href":"https:\/\/radiocresatelital.com\/index.php?rest_route=\/wp\/v2\/posts\/40538\/revisions"}],"predecessor-version":[{"id":40540,"href":"https:\/\/radiocresatelital.com\/index.php?rest_route=\/wp\/v2\/posts\/40538\/revisions\/40540"}],"wp:featuredmedia":[{"embeddable":true,"href":"https:\/\/radiocresatelital.com\/index.php?rest_route=\/wp\/v2\/media\/40544"}],"wp:attachment":[{"href":"https:\/\/radiocresatelital.com\/index.php?rest_route=%2Fwp%2Fv2%2Fmedia&parent=40538"}],"wp:term":[{"taxonomy":"category","embeddable":true,"href":"https:\/\/radiocresatelital.com\/index.php?rest_route=%2Fwp%2Fv2%2Fcategories&post=40538"},{"taxonomy":"post_tag","embeddable":true,"href":"https:\/\/radiocresatelital.com\/index.php?rest_route=%2Fwp%2Fv2%2Ftags&post=40538"}],"curies":[{"name":"wp","href":"https:\/\/api.w.org\/{rel}","templated":true}]}}