{"id":40535,"date":"2025-10-30T20:37:06","date_gmt":"2025-10-30T20:37:06","guid":{"rendered":"https:\/\/radiocresatelital.com\/?p=40535"},"modified":"2025-10-30T20:37:06","modified_gmt":"2025-10-30T20:37:06","slug":"continental-tire-andina-cumplio-una-decada-de-apoyo-a-la-carrera-yo-cuido-los-bosques","status":"publish","type":"post","link":"https:\/\/radiocresatelital.com\/?p=40535","title":{"rendered":"Continental Tire Andina cumpli\u00f3 una d\u00e9cada de apoyo a la carrera \u201cYo Cuido los Bosques\u201d"},"content":{"rendered":"<p>Cuenca. \u2013 Por d\u00e9cimo a\u00f1o consecutivo. Continental Tire se sum\u00f3 a la carrera \u201cYo Cuido los Bosques\u201d, una iniciativa impulsada por el Cuerpo de Bomberos de Cuenca y que reuni\u00f3 a m\u00e1s de 6.000 participantes en esta edici\u00f3n. Adem\u00e1s de participar nuevamente como patrocinador principal, la empresa tambi\u00e9n realiz\u00f3 donaciones adicionales en premios y varios de sus colaboradores los representaron en la competencia.<\/p>\n<p>Cabe destacar que \u201cYo Cuido Los Bosques\u201d busca prevenir y controlar incendios forestales, a trav\u00e9s de la concienciaci\u00f3n y la participaci\u00f3n ciudadana, adem\u00e1s de promover la protecci\u00f3n del medio ambiente en general. En esta d\u00e9cima edici\u00f3n, reuni\u00f3n tanto a deportistas, como a familias y a colaboradores de distintas empresas de la ciudad.<\/p>\n<p>En esta ocasi\u00f3n, la carrera coincidi\u00f3 con la celebraci\u00f3n de los 80 a\u00f1os del Cuerpo de Bomberos de Cuenca, instituci\u00f3n que reconoci\u00f3 en su Sesi\u00f3n Solemne Aniversaria, a Continental Tire Andina por su apoyo permanente en proyectos comunitarios, a trav\u00e9s de sus ejes de RSE.<\/p>\n<p>\u201cPara Continental Tire, la sostenibilidad no solo se trata de producir con responsabilidad, sino tambi\u00e9n de apoyar iniciativas que fortalecen a la comunidad y promueven el respeto por nuestro entorno. Este tipo de proyectos nos permiten crear conciencia ambiental a trav\u00e9s del deporte y las alianzas solidarias\u201d, se\u00f1al\u00f3 Gustavo Malo, Viceprersidente de RH de Continental Tire Andina.<\/p>\n<p>Desde hace m\u00e1s de 20 a\u00f1os, Continental mantiene una estrecha relaci\u00f3n con los Bomberos de Cuenca, brindando capacitaciones continuas a sus brigadas internas de emergencia y colaborando activamente en causas de prevenci\u00f3n y protecci\u00f3n ambiental. La empresa fue una de las primeras en sumarse a la carrera \u201cYo Cuido los Bosques\u201d, y ha sido un aliado constante en la promoci\u00f3n de valores de solidaridad, voluntariado y sostenibilidad.<\/p>\n<p>Continental entreg\u00f3 bicicletas para competencia como premios para los asistentes, e incentiv\u00f3 la participaci\u00f3n de sus colaboradores, quienes se unieron al evento como parte de su programa interno de voluntariado corporativo. La carrera, de car\u00e1cter gratuito, se consolid\u00f3 una vez m\u00e1s como un espacio de integraci\u00f3n ciudadana y sensibilizaci\u00f3n ambiental que promueve el mensaje de que \u201ccuidar los bosques es cuidar la vida\u201d.<\/p>\n<p>Con este tipo de acciones, Continental Tire Andina refuerza su prop\u00f3sito de impulsar el desarrollo sostenible, fortaleciendo la relaci\u00f3n entre empresa privada, comunidad e instituciones locales, y contribuyendo al bienestar ambiental y social de Cuenca.<\/p>\n","protected":false},"excerpt":{"rendered":"<p>Cuenca. \u2013 Por d\u00e9cimo a\u00f1o consecutivo. Continental Tire se sum\u00f3 a la carrera \u201cYo Cuido los Bosques\u201d, una iniciativa impulsada por el Cuerpo de Bomberos de Cuenca y que reuni\u00f3 a m\u00e1s de 6.000 participantes en esta edici\u00f3n. Adem\u00e1s de participar nuevamente como patrocinador principal, la empresa tambi\u00e9n realiz\u00f3 donaciones adicionales en premios y varios [&hellip;]<\/p>\n","protected":false},"author":2,"featured_media":40536,"comment_status":"open","ping_status":"closed","sticky":false,"template":"","format":"standard","meta":{"_jetpack_memberships_contains_paid_content":false,"footnotes":""},"categories":[13],"tags":[6453,470],"class_list":["post-40535","post","type-post","status-publish","format-standard","has-post-thumbnail","hentry","category-noticias-nacionales","tag-yo-cuido-los-bosques","tag-continental-tire"],"jetpack_featured_media_url":"https:\/\/radiocresatelital.com\/wp-content\/uploads\/2025\/10\/Imagen1.jpg","jetpack_sharing_enabled":true,"_links":{"self":[{"href":"https:\/\/radiocresatelital.com\/index.php?rest_route=\/wp\/v2\/posts\/40535","targetHints":{"allow":["GET"]}}],"collection":[{"href":"https:\/\/radiocresatelital.com\/index.php?rest_route=\/wp\/v2\/posts"}],"about":[{"href":"https:\/\/radiocresatelital.com\/index.php?rest_route=\/wp\/v2\/types\/post"}],"author":[{"embeddable":true,"href":"https:\/\/radiocresatelital.com\/index.php?rest_route=\/wp\/v2\/users\/2"}],"replies":[{"embeddable":true,"href":"https:\/\/radiocresatelital.com\/index.php?rest_route=%2Fwp%2Fv2%2Fcomments&post=40535"}],"version-history":[{"count":1,"href":"https:\/\/radiocresatelital.com\/index.php?rest_route=\/wp\/v2\/posts\/40535\/revisions"}],"predecessor-version":[{"id":40537,"href":"https:\/\/radiocresatelital.com\/index.php?rest_route=\/wp\/v2\/posts\/40535\/revisions\/40537"}],"wp:featuredmedia":[{"embeddable":true,"href":"https:\/\/radiocresatelital.com\/index.php?rest_route=\/wp\/v2\/media\/40536"}],"wp:attachment":[{"href":"https:\/\/radiocresatelital.com\/index.php?rest_route=%2Fwp%2Fv2%2Fmedia&parent=40535"}],"wp:term":[{"taxonomy":"category","embeddable":true,"href":"https:\/\/radiocresatelital.com\/index.php?rest_route=%2Fwp%2Fv2%2Fcategories&post=40535"},{"taxonomy":"post_tag","embeddable":true,"href":"https:\/\/radiocresatelital.com\/index.php?rest_route=%2Fwp%2Fv2%2Ftags&post=40535"}],"curies":[{"name":"wp","href":"https:\/\/api.w.org\/{rel}","templated":true}]}}