{"id":40532,"date":"2025-10-30T20:32:50","date_gmt":"2025-10-30T20:32:50","guid":{"rendered":"https:\/\/radiocresatelital.com\/?p=40532"},"modified":"2025-10-30T20:32:50","modified_gmt":"2025-10-30T20:32:50","slug":"gobierno-nacional-fortalece-las-capacidades-de-300-jovenes-en-accion-en-babahoyo","status":"publish","type":"post","link":"https:\/\/radiocresatelital.com\/?p=40532","title":{"rendered":"Gobierno Nacional fortalece las capacidades de 300 J\u00f3venes en Acci\u00f3n en Babahoyo"},"content":{"rendered":"<p>Babahoyo. \u2013 La Secretar\u00eda Nacional de Gesti\u00f3n de Riesgos (SNGR) desarrolla este jueves 30 de octubre en el cant\u00f3n Babahoyo la capacitaci\u00f3n te\u00f3rico\u2013pr\u00e1ctica \u201cPrevenci\u00f3n de Incendios\u201d, dirigida a 300 j\u00f3venes que forman parte del programa nacional J\u00f3venes en Acci\u00f3n \u2013 Ecuador.<\/p>\n<p>La actividad se desarrolla en el auditorio del Conservatorio \u201c\u00c1ngel Efra\u00edn Su\u00e1rez Carrera\u201d, cuenta con la participaci\u00f3n del Secretario Nacional de Gesti\u00f3n de Riesgos, Jorge Carrillo, quien contin\u00faa su recorrido nacional junto a los J\u00f3venes en Acci\u00f3n, tras visitar Samborond\u00f3n y Guayaquil, y antes de sus pr\u00f3ximas jornadas en Cuenca y otras provincias del pa\u00eds, fortaleciendo el compromiso del Gobierno del Nuevo Ecuador con la formaci\u00f3n de una juventud preparada y resiliente.<\/p>\n<p>\u201cEl Gobierno del Nuevo Ecuador cumple con hechos. Formar a nuestra juventud en prevenci\u00f3n es invertir en un pa\u00eds m\u00e1s resiliente\u201d, afirma el secretario Jorge Carrillo.<\/p>\n<p>Los j\u00f3venes participantes provienen de las parroquias rurales Caracol, Pimocha, La Uni\u00f3n y Febres Cordero, y de las parroquias urbanas Camilo Ponce, Clemente Baquerizo, Barreiro y El Salto, representando tanto el compromiso de los sectores urbanos como rurales del cant\u00f3n.<\/p>\n<p>El ciclo de formaci\u00f3n contempla tres m\u00f3dulos de capacitaci\u00f3n enfocados en prevenci\u00f3n de incendios, preparaci\u00f3n ante riesgo de inundaci\u00f3n y preparaci\u00f3n ante riesgo s\u00edsmico. Cada sesi\u00f3n fortalece los conocimientos y habilidades de los j\u00f3venes en respuesta ante emergencias, con el acompa\u00f1amiento de t\u00e9cnicos de la SNGR y expertos facilitadores.<\/p>\n<p>A la fecha, m\u00e1s de 80.000 j\u00f3venes se encuentran registrados a nivel nacional en el programa J\u00f3venes en Acci\u00f3n, reafirmando el compromiso del Gobierno con la formaci\u00f3n c\u00edvica, la participaci\u00f3n ciudadana y la construcci\u00f3n de comunidades m\u00e1s seguras.<\/p>\n","protected":false},"excerpt":{"rendered":"<p>Babahoyo. \u2013 La Secretar\u00eda Nacional de Gesti\u00f3n de Riesgos (SNGR) desarrolla este jueves 30 de octubre en el cant\u00f3n Babahoyo la capacitaci\u00f3n te\u00f3rico\u2013pr\u00e1ctica \u201cPrevenci\u00f3n de Incendios\u201d, dirigida a 300 j\u00f3venes que forman parte del programa nacional J\u00f3venes en Acci\u00f3n \u2013 Ecuador. La actividad se desarrolla en el auditorio del Conservatorio \u201c\u00c1ngel Efra\u00edn Su\u00e1rez Carrera\u201d, cuenta [&hellip;]<\/p>\n","protected":false},"author":2,"featured_media":40533,"comment_status":"open","ping_status":"closed","sticky":false,"template":"","format":"standard","meta":{"_jetpack_memberships_contains_paid_content":false,"footnotes":""},"categories":[13],"tags":[6452,2175],"class_list":["post-40532","post","type-post","status-publish","format-standard","has-post-thumbnail","hentry","category-noticias-nacionales","tag-prevencion-de-incendios","tag-secretaria-nacional-de-gestion-de-riesgos"],"jetpack_featured_media_url":"https:\/\/radiocresatelital.com\/wp-content\/uploads\/2025\/10\/WhatsApp-Image-2025-10-30-at-15.04.36.jpeg","jetpack_sharing_enabled":true,"_links":{"self":[{"href":"https:\/\/radiocresatelital.com\/index.php?rest_route=\/wp\/v2\/posts\/40532","targetHints":{"allow":["GET"]}}],"collection":[{"href":"https:\/\/radiocresatelital.com\/index.php?rest_route=\/wp\/v2\/posts"}],"about":[{"href":"https:\/\/radiocresatelital.com\/index.php?rest_route=\/wp\/v2\/types\/post"}],"author":[{"embeddable":true,"href":"https:\/\/radiocresatelital.com\/index.php?rest_route=\/wp\/v2\/users\/2"}],"replies":[{"embeddable":true,"href":"https:\/\/radiocresatelital.com\/index.php?rest_route=%2Fwp%2Fv2%2Fcomments&post=40532"}],"version-history":[{"count":1,"href":"https:\/\/radiocresatelital.com\/index.php?rest_route=\/wp\/v2\/posts\/40532\/revisions"}],"predecessor-version":[{"id":40534,"href":"https:\/\/radiocresatelital.com\/index.php?rest_route=\/wp\/v2\/posts\/40532\/revisions\/40534"}],"wp:featuredmedia":[{"embeddable":true,"href":"https:\/\/radiocresatelital.com\/index.php?rest_route=\/wp\/v2\/media\/40533"}],"wp:attachment":[{"href":"https:\/\/radiocresatelital.com\/index.php?rest_route=%2Fwp%2Fv2%2Fmedia&parent=40532"}],"wp:term":[{"taxonomy":"category","embeddable":true,"href":"https:\/\/radiocresatelital.com\/index.php?rest_route=%2Fwp%2Fv2%2Fcategories&post=40532"},{"taxonomy":"post_tag","embeddable":true,"href":"https:\/\/radiocresatelital.com\/index.php?rest_route=%2Fwp%2Fv2%2Ftags&post=40532"}],"curies":[{"name":"wp","href":"https:\/\/api.w.org\/{rel}","templated":true}]}}