{"id":40529,"date":"2025-10-30T19:40:56","date_gmt":"2025-10-30T19:40:56","guid":{"rendered":"https:\/\/radiocresatelital.com\/?p=40529"},"modified":"2025-10-30T19:40:56","modified_gmt":"2025-10-30T19:40:56","slug":"trolebus-y-ecovia-garantizan-la-movilidad-en-feriado-con-servicio-incluido-para-el-festival-mas-alla-de-la-vida","status":"publish","type":"post","link":"https:\/\/radiocresatelital.com\/?p=40529","title":{"rendered":"Troleb\u00fas y Ecov\u00eda garantizan la movilidad en feriado con servicio incluido para el Festival \u2018M\u00e1s All\u00e1 de la Vida\u2019"},"content":{"rendered":"<p>Quito.- El feriado por el D\u00eda de los Difuntos e Independencia de Cuenca viene con cuatro d\u00edas de vacaciones, en los que las y los vecinos quite\u00f1os tendr\u00e1n transporte p\u00fablico municipal garantizado, con la operaci\u00f3n de los servicios del Troleb\u00fas, Ecov\u00eda y l\u00edneas alimentadoras, inclusive con movilidad pensada en los asistentes al Festival \u2018M\u00e1s All\u00e1 de la Vida\u2019, que ser\u00e1 durante tres noches.<\/p>\n<p><strong>El servicio operar\u00e1 de acuerdo con la siguiente planificaci\u00f3n:<br \/>\n<\/strong><br \/>\nS\u00e1bado 1 y martes 4 de noviembre<br \/>\nTroncales Troleb\u00fas y Ecov\u00eda, de 06h00 a 21h00 locales (11h00 a 02h00 GMT).<br \/>\nAlimentadores, de 06h00 a 21h30 locales (11h00 a 02h30 GMT).<\/p>\n<p>Domingo 2 y lunes 3 de noviembre<br \/>\nTroncales Troleb\u00fas y Ecov\u00eda, de 06h00 a 20h00 locales (11h00 a 01h00 GMT).<br \/>\nAlimentadores, de 06h00 a 20h30 locales (11h00 a 01h30 GMT).<\/p>\n<p>El s\u00e1bado y el martes operar\u00e1n 142 unidades: 51 del Troleb\u00fas y 91 de la Ecov\u00eda. El domingo y el lunes estar\u00e1n en servicio 103 unidades: 40 de Troleb\u00fas y 63 de Ecov\u00eda.<\/p>\n<p><strong>Festival \u2018M\u00e1s All\u00e1 de la Vida\u2019<\/strong><br \/>\nDurante el feriado, la Alcald\u00eda de Quito presentar\u00e1 el Festival \u2018M\u00e1s All\u00e1 de la Vida\u2019, durante tres noches en barrios emblem\u00e1ticos de la ciudad m\u00e1s linda del mundo, donde lugare\u00f1os y visitantes podr\u00e1n sumergirse en las leyendas y tradiciones que dan vida a la memoria de la ciudad, adem\u00e1s de disfrutar de los manjares tradicionales de la fecha, como la colada morada y las guaguas de pan.<\/p>\n<p>Los asistentes al festival tendr\u00e1n transporte garantizado, gracias a una operaci\u00f3n especial que prepar\u00f3 la Empresa de Pasajeros:<br \/>\nEl s\u00e1bado 1 de noviembre, el festival ser\u00e1 en calle Jun\u00edn, barrio San Marcos: El Corredor Central Troleb\u00fas brindar\u00e1 el servicio desde la parada Plaza Chica y Plaza Mar\u00edn con tres buses articulados hacia la Terminal Quitumbe y tres hacia la Estaci\u00f3n El Labrador, con salidas desde las 21h30 hasta las 22h30 locales (02h30 hasta las 03h30 GMT) en intervalos de 15 minutos.<\/p>\n<p>El domingo 2 de noviembre la fiesta cultural y gastron\u00f3mica ser\u00e1 en la calle Juan Rodr\u00edguez, La Mariscal:<br \/>\nEl Corredor Oriental Ecov\u00eda ofrecer\u00e1 su servicio desde la parada Manuela Ca\u00f1izares, con tres unidades hacia la Terminal Quitumbe y tres m\u00e1s hacia la Estaci\u00f3n R\u00edo Coca, desde las 20h30 hasta las 22h30, con intervalos de 15 minutos.<\/p>\n<p>El lunes 3, el festival \u2018M\u00e1s All\u00e1 de la Vida\u2019 ser\u00e1 en La Ronda, Centro Hist\u00f3rico: El corredor Troleb\u00fas estar\u00e1 en servicio desde la parada Santo Domingo en ambos sentidos, con tres unidades hacia la Terminal Quitumbe y tres hacia la Estaci\u00f3n El Labrador, de 20h30 a 22h30, con intervalos de 15 minutos.<\/p>\n","protected":false},"excerpt":{"rendered":"<p>Quito.- El feriado por el D\u00eda de los Difuntos e Independencia de Cuenca viene con cuatro d\u00edas de vacaciones, en los que las y los vecinos quite\u00f1os tendr\u00e1n transporte p\u00fablico municipal garantizado, con la operaci\u00f3n de los servicios del Troleb\u00fas, Ecov\u00eda y l\u00edneas alimentadoras, inclusive con movilidad pensada en los asistentes al Festival \u2018M\u00e1s All\u00e1 [&hellip;]<\/p>\n","protected":false},"author":2,"featured_media":40530,"comment_status":"open","ping_status":"closed","sticky":false,"template":"","format":"standard","meta":{"_jetpack_memberships_contains_paid_content":false,"footnotes":""},"categories":[13],"tags":[3987],"class_list":["post-40529","post","type-post","status-publish","format-standard","has-post-thumbnail","hentry","category-noticias-nacionales","tag-trolebus"],"jetpack_featured_media_url":"https:\/\/radiocresatelital.com\/wp-content\/uploads\/2025\/10\/WhatsApp-Image-2025-10-30-at-14.27.30.jpeg","jetpack_sharing_enabled":true,"_links":{"self":[{"href":"https:\/\/radiocresatelital.com\/index.php?rest_route=\/wp\/v2\/posts\/40529","targetHints":{"allow":["GET"]}}],"collection":[{"href":"https:\/\/radiocresatelital.com\/index.php?rest_route=\/wp\/v2\/posts"}],"about":[{"href":"https:\/\/radiocresatelital.com\/index.php?rest_route=\/wp\/v2\/types\/post"}],"author":[{"embeddable":true,"href":"https:\/\/radiocresatelital.com\/index.php?rest_route=\/wp\/v2\/users\/2"}],"replies":[{"embeddable":true,"href":"https:\/\/radiocresatelital.com\/index.php?rest_route=%2Fwp%2Fv2%2Fcomments&post=40529"}],"version-history":[{"count":1,"href":"https:\/\/radiocresatelital.com\/index.php?rest_route=\/wp\/v2\/posts\/40529\/revisions"}],"predecessor-version":[{"id":40531,"href":"https:\/\/radiocresatelital.com\/index.php?rest_route=\/wp\/v2\/posts\/40529\/revisions\/40531"}],"wp:featuredmedia":[{"embeddable":true,"href":"https:\/\/radiocresatelital.com\/index.php?rest_route=\/wp\/v2\/media\/40530"}],"wp:attachment":[{"href":"https:\/\/radiocresatelital.com\/index.php?rest_route=%2Fwp%2Fv2%2Fmedia&parent=40529"}],"wp:term":[{"taxonomy":"category","embeddable":true,"href":"https:\/\/radiocresatelital.com\/index.php?rest_route=%2Fwp%2Fv2%2Fcategories&post=40529"},{"taxonomy":"post_tag","embeddable":true,"href":"https:\/\/radiocresatelital.com\/index.php?rest_route=%2Fwp%2Fv2%2Ftags&post=40529"}],"curies":[{"name":"wp","href":"https:\/\/api.w.org\/{rel}","templated":true}]}}