{"id":40526,"date":"2025-10-30T19:28:39","date_gmt":"2025-10-30T19:28:39","guid":{"rendered":"https:\/\/radiocresatelital.com\/?p=40526"},"modified":"2025-10-30T19:28:39","modified_gmt":"2025-10-30T19:28:39","slug":"vuelven-los-finalistas-del-2024","status":"publish","type":"post","link":"https:\/\/radiocresatelital.com\/?p=40526","title":{"rendered":"Vuelven los Finalistas del 2024"},"content":{"rendered":"<p>Guayaquil.- Los finalistas del a\u00f1o pasado del Challenger Ciudad de Guayaquil Copa Banco Guayaquil auspiciado por el Municipio de Guayaquil, Federico G\u00f3mez de Argentina y Tom\u00e1s Barrios de Chile vuelven a competir en el tradicional torneo ecuatoriano y sudamericano que se lo realiza ya por 21 a\u00f1os seguidos y que se lo disputar\u00e1 del 17 al 23 de noviembre.<\/p>\n<p>Los aficionados pudieron disfrutar del potente y creativo tenis de G\u00f3mez y Barrios quienes dejaron en el camino\u00a0 a varios favoritos y protagonizaron una gran final 2024 en un abarrotado estadio del Guayaquil Tenis Club.<\/p>\n<p>G\u00f3mez (208 ATP), campe\u00f3n de 3 Challenger en su carrera en las mismas finales disputadas, se ubic\u00f3 133 del ranking a inicios de este a\u00f1o y buscar\u00e1 el bicampeonato en Guayaquil, en tanto que Barrios (117), ganador de 6 Challenger en su carrera, 2 esta temporada, ocup\u00f3 el ranking 93 el a\u00f1o pasado y aspira volver al Top 100 para asegurar su entrada al Australian Open 2026.<\/p>\n<p>Se suman a la lista oficial difundida por la ATP, Juan Pablo Ficovich (164) de Argentina que ha ganado 3 Challenger en su carrera y esta temporada alcanz\u00f3 dos finales, otra de las atracciones ser\u00e1 Juan Pablo Varillas (320) de Per\u00fa, #60 del mundo el 2023, campe\u00f3n de 7 Challenger, uno de esos este a\u00f1o en Buenos Aires.<\/p>\n<p><strong>TENISTAS COPA DAVIS DE ECUADOR Y RESTO DEL MUNDO<\/strong><\/p>\n<p>La edici\u00f3n 21 del Challenger guayaquile\u00f1o tendr\u00e1 a varios tenistas que integran los equipos Copa Davis de sus respectivos pa\u00edses.<\/p>\n<p>Por Ecuador figuran \u00c1lvaro Guill\u00e9n y Andr\u00e9s Andrade, ellos son los singlistas titulares y quienes fueron figuras en la \u00faltima serie ante Bosnia y Herzegovina ganada por los tricolores que les permitir\u00e1 jugar los Qualifiers el pr\u00f3ximo a\u00f1o.<\/p>\n<p>Tambi\u00e9n aparecen Adolfo Vallejo de Paraguay, Hady Habib de L\u00edbano, Rodrigo Pacheco y Alex Hern\u00e1ndez de M\u00e9xico, Gonzalo Bueno de Per\u00fa, Murkel Dellien de Bolivia y Franco Roncadelli de Uruguay, todos jugadores de alto nivel, j\u00f3venes y experimentados que van por la final del torneo.<\/p>\n<p><strong>ONCE PA\u00cdSES<\/strong><\/p>\n<p>A los 21 tenistas que entraron directo se une el juvenil ecuatoriano Emilio Camacho #51 ITF Junior quien recibi\u00f3 una invitaci\u00f3n (wild card) para el cuadro principal.<\/p>\n<p>Por ahora son 22 los jugadores confirmados al cuadro principal singles, quienes provienen de Espa\u00f1a, L\u00edbano, Estados Unidos, M\u00e9xico, \u00a0Chile, Argentina, Paraguay, Per\u00fa, Bolivia, Uruguay y Ecuador.<\/p>\n<p>A ellos se sumar\u00e1n 6 jugadores de la fase de clasificaci\u00f3n (qualy), 2 invitados m\u00e1s (wild cards) y 2 exenciones especiales si las hubiere, con lo que se completar\u00e1 el cuadro de 32 tenistas.<\/p>\n<p>El torneo, que se disputar\u00e1 del 17 al 23 de noviembre en el Guayaquil Tenis Club sede Anexo, llega gracias al auspicio de Muy Ilustre Municipalidad de Guayaquil, Banco Guayaquil, Stella Artois, Citikold, Urvaseo, Comisariato del constructor, ESPN, Loter\u00eda Nacional, Gatorade, 1XBET, Redni, Hotel Oro Verde, Conecta, Gulf, Dr. Daniel Blum Gilbert, Inproel, Sunforce, Telenews, Alcald\u00eda de Samborond\u00f3n, Ecuasal, Aca\u00ed, MEC \u2013 M\u00e9dicos en Casa, Megarent, Amagua, DLM, Well Business, Vento Rooftop, CuatriComia, Guayaquil Tenis Club.<\/p>\n","protected":false},"excerpt":{"rendered":"<p>Guayaquil.- Los finalistas del a\u00f1o pasado del Challenger Ciudad de Guayaquil Copa Banco Guayaquil auspiciado por el Municipio de Guayaquil, Federico G\u00f3mez de Argentina y Tom\u00e1s Barrios de Chile vuelven a competir en el tradicional torneo ecuatoriano y sudamericano que se lo realiza ya por 21 a\u00f1os seguidos y que se lo disputar\u00e1 del 17 [&hellip;]<\/p>\n","protected":false},"author":2,"featured_media":40527,"comment_status":"open","ping_status":"closed","sticky":false,"template":"","format":"standard","meta":{"_jetpack_memberships_contains_paid_content":false,"footnotes":""},"categories":[9,64],"tags":[907],"class_list":["post-40526","post","type-post","status-publish","format-standard","has-post-thumbnail","hentry","category-deportes","category-tenis","tag-challenger-ciudad-de-guayaquil"],"jetpack_featured_media_url":"https:\/\/radiocresatelital.com\/wp-content\/uploads\/2025\/10\/WhatsApp-Image-2025-10-30-at-14.13.37.jpeg","jetpack_sharing_enabled":true,"_links":{"self":[{"href":"https:\/\/radiocresatelital.com\/index.php?rest_route=\/wp\/v2\/posts\/40526","targetHints":{"allow":["GET"]}}],"collection":[{"href":"https:\/\/radiocresatelital.com\/index.php?rest_route=\/wp\/v2\/posts"}],"about":[{"href":"https:\/\/radiocresatelital.com\/index.php?rest_route=\/wp\/v2\/types\/post"}],"author":[{"embeddable":true,"href":"https:\/\/radiocresatelital.com\/index.php?rest_route=\/wp\/v2\/users\/2"}],"replies":[{"embeddable":true,"href":"https:\/\/radiocresatelital.com\/index.php?rest_route=%2Fwp%2Fv2%2Fcomments&post=40526"}],"version-history":[{"count":1,"href":"https:\/\/radiocresatelital.com\/index.php?rest_route=\/wp\/v2\/posts\/40526\/revisions"}],"predecessor-version":[{"id":40528,"href":"https:\/\/radiocresatelital.com\/index.php?rest_route=\/wp\/v2\/posts\/40526\/revisions\/40528"}],"wp:featuredmedia":[{"embeddable":true,"href":"https:\/\/radiocresatelital.com\/index.php?rest_route=\/wp\/v2\/media\/40527"}],"wp:attachment":[{"href":"https:\/\/radiocresatelital.com\/index.php?rest_route=%2Fwp%2Fv2%2Fmedia&parent=40526"}],"wp:term":[{"taxonomy":"category","embeddable":true,"href":"https:\/\/radiocresatelital.com\/index.php?rest_route=%2Fwp%2Fv2%2Fcategories&post=40526"},{"taxonomy":"post_tag","embeddable":true,"href":"https:\/\/radiocresatelital.com\/index.php?rest_route=%2Fwp%2Fv2%2Ftags&post=40526"}],"curies":[{"name":"wp","href":"https:\/\/api.w.org\/{rel}","templated":true}]}}