{"id":40515,"date":"2025-10-30T18:55:08","date_gmt":"2025-10-30T18:55:08","guid":{"rendered":"https:\/\/radiocresatelital.com\/?p=40515"},"modified":"2025-10-30T18:55:08","modified_gmt":"2025-10-30T18:55:08","slug":"prefectos-del-guayas-y-azuay-marcela-aguinaga-y-juan-lloret-anuncian-corredor-vial-y-turistico-seguro-durante-el-feriado-de-noviembre","status":"publish","type":"post","link":"https:\/\/radiocresatelital.com\/?p=40515","title":{"rendered":"Prefectos del Guayas y Azuay, Marcela Agui\u00f1aga y Juan Lloret, anuncian Corredor vial y tur\u00edstico seguro durante el feriado de noviembre"},"content":{"rendered":"<p><span style=\"font-weight: 400;\">Guayaquil.- A pesar del atentado con artefactos explosivos que afect\u00f3 el pasado 15 de octubre, las bases de la infraestructura de hormig\u00f3n sobre el R\u00edo Churute, el Gobierno Provincial Guayas logr\u00f3 restablecer en menos de una semana, la conectividad con Azuay, gracias a la instalaci\u00f3n provisional de un puente Bailey. Esta gesti\u00f3n fue resaltada por la prefecta Marcela Agui\u00f1aga, quien inform\u00f3 que durante el feriado de noviembre, que se aproxima, se prev\u00e9 un aumento 18.000 a 21.000 veh\u00edculos, una cifra clave para la reactivaci\u00f3n econ\u00f3mica de la zona.\u00a0<\/span><\/p>\n<p><span style=\"font-weight: 400;\">\u201cEn un pa\u00eds donde la violencia nos desaf\u00eda todos los d\u00edas, la coordinaci\u00f3n entre las instituciones hoy m\u00e1s que nunca es absolutamente necesaria. Queremos decirles con absoluta claridad que la conectividad entre ambas provincias est\u00e1 completamente operativa\u201d, afirm\u00f3 al tiempo de comentar que: \u201cA pesar de tener un solo puente Bailey que nos hace un poco retrasar el tr\u00e1fico vehicular, instalamos una semaforizaci\u00f3n temporal que habilite el paso de manera ordenada, en coordinaci\u00f3n con la Polic\u00eda Nacional\u201d.\u00a0<\/span><\/p>\n<p><span style=\"font-weight: 400;\">La ejecutiva guayasense agreg\u00f3 que la red vial concesionada del Guayas, que abarca m\u00e1s de 600 kil\u00f3metros est\u00e1 en \u00f3ptimas condiciones. Adem\u00e1s, revel\u00f3 detalles sobre la estrategia integral de asistencia en carreteras, que incluye un sistema de monitoreo vial con inteligencia artificial, patrullas y equipos de auxilio disponibles las 24 horas. Todo esto, sumado a un trabajo coordinado con la Polic\u00eda Nacional y la instalaci\u00f3n de puntos de seguridad vial en sectores estrat\u00e9gicos.<\/span><\/p>\n<p><span style=\"font-weight: 400;\">Por su parte, el prefecto Juan Lloret tambi\u00e9n inform\u00f3 que la provincia del Azuay ha implementado cinco portales de seguridad, equipados con c\u00e1maras de reconocimiento facial y lectoras de placas en sus principales accesos, incluido el l\u00edmite con Guayas en Tamarindo, garantizando as\u00ed un corredor vial seguro entre ambas provincias.\u00a0<\/span><\/p>\n<p><span style=\"font-weight: 400;\">En el \u00e1mbito tur\u00edstico, el Azuay presenta 12 rutas tem\u00e1ticas disponibles en su plataforma oficial, con alternativas que van desde la ruta del calzado en Gualaceo hasta las lagunas de Busa y San Mart\u00edn, complementadas con eventos como la II Feria del Mueble y Artesan\u00edas. \u201cQuiero invitarles para que puedan ser parte precisamente de ese turismo gastron\u00f3mico y de la vida nocturna de Cuenca\u201d, agreg\u00f3 el prefecto Lloret.\u00a0<\/span><\/p>\n<p><span style=\"font-weight: 400;\">A su vez, la Prefectura del Guayas invita a los viajeros a disfrutar de m\u00e1s de 18 destinos tur\u00edsticos activos en cantones como Naranjal, Bucay, Milagro, Nobol y Guayaquil, a fin de fortalecer el agroturismo y el desarrollo econ\u00f3mico local.<\/span><\/p>\n","protected":false},"excerpt":{"rendered":"<p>Guayaquil.- A pesar del atentado con artefactos explosivos que afect\u00f3 el pasado 15 de octubre, las bases de la infraestructura de hormig\u00f3n sobre el R\u00edo Churute, el Gobierno Provincial Guayas logr\u00f3 restablecer en menos de una semana, la conectividad con Azuay, gracias a la instalaci\u00f3n provisional de un puente Bailey. Esta gesti\u00f3n fue resaltada por [&hellip;]<\/p>\n","protected":false},"author":2,"featured_media":40516,"comment_status":"open","ping_status":"closed","sticky":false,"template":"","format":"standard","meta":{"_jetpack_memberships_contains_paid_content":false,"footnotes":""},"categories":[13],"tags":[6449,2699],"class_list":["post-40515","post","type-post","status-publish","format-standard","has-post-thumbnail","hentry","category-noticias-nacionales","tag-gobierno-provincial-guayas","tag-prefecta-marcela-aguinaga"],"jetpack_featured_media_url":"https:\/\/radiocresatelital.com\/wp-content\/uploads\/2025\/10\/WhatsApp-Image-2025-10-30-at-10.45.471.jpeg","jetpack_sharing_enabled":true,"_links":{"self":[{"href":"https:\/\/radiocresatelital.com\/index.php?rest_route=\/wp\/v2\/posts\/40515","targetHints":{"allow":["GET"]}}],"collection":[{"href":"https:\/\/radiocresatelital.com\/index.php?rest_route=\/wp\/v2\/posts"}],"about":[{"href":"https:\/\/radiocresatelital.com\/index.php?rest_route=\/wp\/v2\/types\/post"}],"author":[{"embeddable":true,"href":"https:\/\/radiocresatelital.com\/index.php?rest_route=\/wp\/v2\/users\/2"}],"replies":[{"embeddable":true,"href":"https:\/\/radiocresatelital.com\/index.php?rest_route=%2Fwp%2Fv2%2Fcomments&post=40515"}],"version-history":[{"count":1,"href":"https:\/\/radiocresatelital.com\/index.php?rest_route=\/wp\/v2\/posts\/40515\/revisions"}],"predecessor-version":[{"id":40517,"href":"https:\/\/radiocresatelital.com\/index.php?rest_route=\/wp\/v2\/posts\/40515\/revisions\/40517"}],"wp:featuredmedia":[{"embeddable":true,"href":"https:\/\/radiocresatelital.com\/index.php?rest_route=\/wp\/v2\/media\/40516"}],"wp:attachment":[{"href":"https:\/\/radiocresatelital.com\/index.php?rest_route=%2Fwp%2Fv2%2Fmedia&parent=40515"}],"wp:term":[{"taxonomy":"category","embeddable":true,"href":"https:\/\/radiocresatelital.com\/index.php?rest_route=%2Fwp%2Fv2%2Fcategories&post=40515"},{"taxonomy":"post_tag","embeddable":true,"href":"https:\/\/radiocresatelital.com\/index.php?rest_route=%2Fwp%2Fv2%2Ftags&post=40515"}],"curies":[{"name":"wp","href":"https:\/\/api.w.org\/{rel}","templated":true}]}}