{"id":40514,"date":"2025-10-30T19:07:51","date_gmt":"2025-10-30T19:07:51","guid":{"rendered":"https:\/\/radiocresatelital.com\/?p=40514"},"modified":"2025-10-30T19:07:51","modified_gmt":"2025-10-30T19:07:51","slug":"intendencia-de-policia-del-guayas-no-ha-recibido-solicitud-para-la-realizacion-del-evento-la-rodada-del-terror","status":"publish","type":"post","link":"https:\/\/radiocresatelital.com\/?p=40514","title":{"rendered":"Intendencia de Polic\u00eda del Guayas no ha recibido solicitud para la realizaci\u00f3n del evento \u201cLa Rodada del Terror\u201d"},"content":{"rendered":"<p>Guayaquil. &#8211; El Intendente General de Polic\u00eda del Guayas, Jorge Quintero Rodr\u00edguez, inform\u00f3 que hasta la fecha no ha llegado ninguna solicitud formal a la dependencia por parte de los organizadores del evento<br \/>\ndenominado \u201cLa Rodada del Terror\u201d. Por tanto, la actividad a\u00fan no cuenta con autorizaci\u00f3n para su ejecuci\u00f3n.<\/p>\n<p>El funcionario explic\u00f3 que, previo a la emisi\u00f3n de un permiso por parte de la Intendencia, los responsables de este tipo de eventos deben presentar la aprobaci\u00f3n del plan de contingencia, documento que garantiza la seguridad de<br \/>\nlos asistentes y cuya competencia recae en el organismo municipal, a trav\u00e9s de la empresa Segura EP.<\/p>\n<p>\u201cHasta este momento no hemos recibido ninguna solicitud que contenga dicho requisito. Es importante que la ciudadan\u00eda conozca que antes de obtener un permiso de la Intendencia, se debe contar con la aprobaci\u00f3n del plan de<br \/>\ncontingencia correspondiente\u201d, indic\u00f3 Quintero.<\/p>\n<p>La autoridad aclar\u00f3 que la dependencia est\u00e1 abierta a analizar cualquier petici\u00f3n que cumpla con los requisitos legales y t\u00e9cnicos establecidos, asegurando que la instituci\u00f3n act\u00faa con imparcialidad y transparencia.<\/p>\n<p>\u201cLa Intendencia de Polic\u00eda del Guayas otorga permisos a todo tipo de evento que cumpla con la normativa. Estamos dispuestos a atender cualquier solicitud, pero tambi\u00e9n decididos a hacer cumplir la ley en esta provincia. Nadie est\u00e1 por encima de ella\u201d, enfatiz\u00f3.<\/p>\n<p>Ante la falta de autorizaci\u00f3n, la Intendencia mantiene una coordinaci\u00f3n permanente con la Polic\u00eda Nacional, Fuerzas Armadas y la Comisi\u00f3n de Tr\u00e1nsito del Ecuador (CTE), con el fin de garantizar el orden y la seguridad ciudadana<br \/>\ndurante el feriado y en todas las actividades masivas que se desarrollen en el territorio provincial.<\/p>\n<p>El intendente explic\u00f3 que estas acciones no buscan prohibir eventos, sino garantizar el cumplimiento de la ley y la seguridad de los ciudadanos. Se\u00f1al\u00f3 que la normativa vigente exige la presentaci\u00f3n de todos los requisitos antes de<br \/>\nautorizar cualquier actividad p\u00fablica, a fin de prevenir incidentes y proteger la integridad de los asistentes.<\/p>\n<p>La Gobernaci\u00f3n del Guayas, en el marco del Gobierno del Nuevo Ecuador, reafirma su compromiso con la seguridad, la transparencia y el orden p\u00fablico, garantizando que todas las actividades que se desarrollen en la provincia cumplan con los principios de legalidad y responsabilidad.<\/p>\n","protected":false},"excerpt":{"rendered":"<p>Guayaquil. &#8211; El Intendente General de Polic\u00eda del Guayas, Jorge Quintero Rodr\u00edguez, inform\u00f3 que hasta la fecha no ha llegado ninguna solicitud formal a la dependencia por parte de los organizadores del evento denominado \u201cLa Rodada del Terror\u201d. Por tanto, la actividad a\u00fan no cuenta con autorizaci\u00f3n para su ejecuci\u00f3n. El funcionario explic\u00f3 que, previo [&hellip;]<\/p>\n","protected":false},"author":2,"featured_media":40521,"comment_status":"open","ping_status":"closed","sticky":false,"template":"","format":"standard","meta":{"_jetpack_memberships_contains_paid_content":false,"footnotes":""},"categories":[13],"tags":[6451],"class_list":["post-40514","post","type-post","status-publish","format-standard","has-post-thumbnail","hentry","category-noticias-nacionales","tag-intendente-general-de-policia-del-guayas"],"jetpack_featured_media_url":"https:\/\/radiocresatelital.com\/wp-content\/uploads\/2025\/10\/maxresdefault.jpg","jetpack_sharing_enabled":true,"_links":{"self":[{"href":"https:\/\/radiocresatelital.com\/index.php?rest_route=\/wp\/v2\/posts\/40514","targetHints":{"allow":["GET"]}}],"collection":[{"href":"https:\/\/radiocresatelital.com\/index.php?rest_route=\/wp\/v2\/posts"}],"about":[{"href":"https:\/\/radiocresatelital.com\/index.php?rest_route=\/wp\/v2\/types\/post"}],"author":[{"embeddable":true,"href":"https:\/\/radiocresatelital.com\/index.php?rest_route=\/wp\/v2\/users\/2"}],"replies":[{"embeddable":true,"href":"https:\/\/radiocresatelital.com\/index.php?rest_route=%2Fwp%2Fv2%2Fcomments&post=40514"}],"version-history":[{"count":1,"href":"https:\/\/radiocresatelital.com\/index.php?rest_route=\/wp\/v2\/posts\/40514\/revisions"}],"predecessor-version":[{"id":40522,"href":"https:\/\/radiocresatelital.com\/index.php?rest_route=\/wp\/v2\/posts\/40514\/revisions\/40522"}],"wp:featuredmedia":[{"embeddable":true,"href":"https:\/\/radiocresatelital.com\/index.php?rest_route=\/wp\/v2\/media\/40521"}],"wp:attachment":[{"href":"https:\/\/radiocresatelital.com\/index.php?rest_route=%2Fwp%2Fv2%2Fmedia&parent=40514"}],"wp:term":[{"taxonomy":"category","embeddable":true,"href":"https:\/\/radiocresatelital.com\/index.php?rest_route=%2Fwp%2Fv2%2Fcategories&post=40514"},{"taxonomy":"post_tag","embeddable":true,"href":"https:\/\/radiocresatelital.com\/index.php?rest_route=%2Fwp%2Fv2%2Ftags&post=40514"}],"curies":[{"name":"wp","href":"https:\/\/api.w.org\/{rel}","templated":true}]}}