{"id":40507,"date":"2025-10-29T22:49:42","date_gmt":"2025-10-29T22:49:42","guid":{"rendered":"https:\/\/radiocresatelital.com\/?p=40507"},"modified":"2025-10-29T22:49:53","modified_gmt":"2025-10-29T22:49:53","slug":"movistar-best-pc-sigue-en-pelea-por-el-liderato-de-la-vuelta-a-guatemala","status":"publish","type":"post","link":"https:\/\/radiocresatelital.com\/?p=40507","title":{"rendered":"Movistar Best PC sigue en pelea por el liderato de la Vuelta a Guatemala"},"content":{"rendered":"<p>Guatemala.- El ciclista del Movistar Best PC, Carlos Guti\u00e9rrez finaliz\u00f3 en la sexta casilla de la etapa seis de la edici\u00f3n 64 de la Vuelta a Guatemala, que se desarroll\u00f3 este mi\u00e9rcoles 29 de octubre entre las localidades de Catarina San Marcos y San Juan Ostuncalco.<\/p>\n<p>La ruta, de 90,5 kil\u00f3metros, catalogada como la etapa reina, coloc\u00f3 a Guti\u00e9rrez como el mejor del \u00fanico equipo continental ecuatoriano y adem\u00e1s se coloca tercero en la clasificaci\u00f3n general, liderada por Camilo Mu\u00f1oz (NU Colombia), a tan solo 5 segundos.<\/p>\n<p>En la tabla principal tambi\u00e9n aparece bien colocado Bryan Obando, quien termin\u00f3 en el lugar 14 de la jornada y en la general est\u00e1 en la quinta plaza. El carchense es el mejor ecuatoriano ubicado.<\/p>\n<p>Por detr\u00e1s de Guti\u00e9rrez y Obando, sus compa\u00f1eros del <strong>Movistar Best PC <\/strong>se colocan de la siguiente manera: Santiago Montenegro, quien es tercero en los premios de monta\u00f1a y se encuentra en la plaza 26.<\/p>\n<p>Luego est\u00e1n H\u00e9ctor \u00c1lvarez en el lugar 35 y un puesto m\u00e1s abajo (36) aparece Byron Guam\u00e1. La n\u00f3mina del elenco Telef\u00f3nico la completa Richard Huera, quien ocupa la casilla 52.<\/p>\n<p>Si bien fue la etapa con menos kilometraje de toda la competencia, con un total de 90.5, los pedalistas se enfrentaron al exigente terreno, con ascensos constantes, cuatro en total, incluido uno no categorizado.<\/p>\n<p>San Francisco El Alto ser\u00e1 el punto de partida de la s\u00e9ptima etapa de la edici\u00f3n 64 de la Vuelta a Guatemala, que se disputar\u00e1 este jueves 30 de octubre, y finalizar\u00e1, luego de 137 km, en la ciudad de San Pedro San Marcos.<\/p>\n","protected":false},"excerpt":{"rendered":"<p>Guatemala.- El ciclista del Movistar Best PC, Carlos Guti\u00e9rrez finaliz\u00f3 en la sexta casilla de la etapa seis de la edici\u00f3n 64 de la Vuelta a Guatemala, que se desarroll\u00f3 este mi\u00e9rcoles 29 de octubre entre las localidades de Catarina San Marcos y San Juan Ostuncalco. La ruta, de 90,5 kil\u00f3metros, catalogada como la etapa [&hellip;]<\/p>\n","protected":false},"author":2,"featured_media":40508,"comment_status":"open","ping_status":"closed","sticky":false,"template":"","format":"standard","meta":{"_jetpack_memberships_contains_paid_content":false,"footnotes":""},"categories":[120,9],"tags":[1029],"class_list":["post-40507","post","type-post","status-publish","format-standard","has-post-thumbnail","hentry","category-ciclismo","category-deportes","tag-movistar-best-pc"],"jetpack_featured_media_url":"https:\/\/radiocresatelital.com\/wp-content\/uploads\/2025\/10\/WhatsApp-Image-2025-10-29-at-17.41.47.jpeg","jetpack_sharing_enabled":true,"_links":{"self":[{"href":"https:\/\/radiocresatelital.com\/index.php?rest_route=\/wp\/v2\/posts\/40507","targetHints":{"allow":["GET"]}}],"collection":[{"href":"https:\/\/radiocresatelital.com\/index.php?rest_route=\/wp\/v2\/posts"}],"about":[{"href":"https:\/\/radiocresatelital.com\/index.php?rest_route=\/wp\/v2\/types\/post"}],"author":[{"embeddable":true,"href":"https:\/\/radiocresatelital.com\/index.php?rest_route=\/wp\/v2\/users\/2"}],"replies":[{"embeddable":true,"href":"https:\/\/radiocresatelital.com\/index.php?rest_route=%2Fwp%2Fv2%2Fcomments&post=40507"}],"version-history":[{"count":2,"href":"https:\/\/radiocresatelital.com\/index.php?rest_route=\/wp\/v2\/posts\/40507\/revisions"}],"predecessor-version":[{"id":40510,"href":"https:\/\/radiocresatelital.com\/index.php?rest_route=\/wp\/v2\/posts\/40507\/revisions\/40510"}],"wp:featuredmedia":[{"embeddable":true,"href":"https:\/\/radiocresatelital.com\/index.php?rest_route=\/wp\/v2\/media\/40508"}],"wp:attachment":[{"href":"https:\/\/radiocresatelital.com\/index.php?rest_route=%2Fwp%2Fv2%2Fmedia&parent=40507"}],"wp:term":[{"taxonomy":"category","embeddable":true,"href":"https:\/\/radiocresatelital.com\/index.php?rest_route=%2Fwp%2Fv2%2Fcategories&post=40507"},{"taxonomy":"post_tag","embeddable":true,"href":"https:\/\/radiocresatelital.com\/index.php?rest_route=%2Fwp%2Fv2%2Ftags&post=40507"}],"curies":[{"name":"wp","href":"https:\/\/api.w.org\/{rel}","templated":true}]}}