{"id":40400,"date":"2025-10-28T20:23:51","date_gmt":"2025-10-28T20:23:51","guid":{"rendered":"https:\/\/radiocresatelital.com\/?p=40400"},"modified":"2025-10-28T20:23:51","modified_gmt":"2025-10-28T20:23:51","slug":"movistar-best-pc-recupera-el-liderato-de-los-premios-de-montana-de-la-vuelta-a-guatemala","status":"publish","type":"post","link":"https:\/\/radiocresatelital.com\/?p=40400","title":{"rendered":"Movistar Best PC recupera el liderato de los premios de monta\u00f1a de la Vuelta a Guatemala"},"content":{"rendered":"<p>Guatemala.- Durante la quinta jornada de la edici\u00f3n 64 de la Vuelta a Guatemala, el Movistar Best PC recuper\u00f3 el liderato de los premios de monta\u00f1a, gracias al trabajo de Santiago Montenegro, quien finaliz\u00f3 cuarto en la etapa.<\/p>\n<p>La ruta de hoy tuvo cuatro premios de monta\u00f1a, en los que el ciclista Telef\u00f3nico sum\u00f3 12 puntos para adue\u00f1arse del primer lugar con 23, superando al colombiano Nicol\u00e1s Paredes (Hino-One-La Red-Suzuki), que suma 12 unidades.<\/p>\n<p>Por detr\u00e1s de Montenegro cruzaron la meta, ubicada en San Rafael Pie de la Cuesta, Carlos Guti\u00e9rrez, en el puesto 15, Bryan Obando (28) y Byron Guam\u00e1 (34).<\/p>\n<p>Con lo que, en la clasificaci\u00f3n general, liderada por el colombiano Cristian Camilo Mu\u00f1oz (NU Colombia), el mejor ubicado del <strong>Movistar Best PC <\/strong>es el cafetero Guti\u00e9rrez, quien es segundo a tan solo 15 segundos de su compatriota.<\/p>\n<p>Luego aparecen Obando en la sexta casilla, Montenegro en la 22 y Guam\u00e1 en la 31, confirmando el protagonismo del \u00fanico equipo continental ecuatoriano.<\/p>\n<p>La sexta jornada de la edici\u00f3n 64 de la Vuelta a Guatemala se disputar\u00e1 este mi\u00e9rcoles 29 de octubre de 2025. Los ciclistas tomar\u00e1n la partida en Catarina San Marcos para luego de 90,5 kil\u00f3metros llegar a San Juan Ostuncalco.<\/p>\n","protected":false},"excerpt":{"rendered":"<p>Guatemala.- Durante la quinta jornada de la edici\u00f3n 64 de la Vuelta a Guatemala, el Movistar Best PC recuper\u00f3 el liderato de los premios de monta\u00f1a, gracias al trabajo de Santiago Montenegro, quien finaliz\u00f3 cuarto en la etapa. La ruta de hoy tuvo cuatro premios de monta\u00f1a, en los que el ciclista Telef\u00f3nico sum\u00f3 12 [&hellip;]<\/p>\n","protected":false},"author":2,"featured_media":40401,"comment_status":"open","ping_status":"closed","sticky":false,"template":"","format":"standard","meta":{"_jetpack_memberships_contains_paid_content":false,"footnotes":""},"categories":[120,9],"tags":[1029,1267],"class_list":["post-40400","post","type-post","status-publish","format-standard","has-post-thumbnail","hentry","category-ciclismo","category-deportes","tag-movistar-best-pc","tag-vuelta-a-guatemala"],"jetpack_featured_media_url":"https:\/\/radiocresatelital.com\/wp-content\/uploads\/2025\/10\/WhatsApp-Image-2025-10-28-at-15.21.49.jpeg","jetpack_sharing_enabled":true,"_links":{"self":[{"href":"https:\/\/radiocresatelital.com\/index.php?rest_route=\/wp\/v2\/posts\/40400","targetHints":{"allow":["GET"]}}],"collection":[{"href":"https:\/\/radiocresatelital.com\/index.php?rest_route=\/wp\/v2\/posts"}],"about":[{"href":"https:\/\/radiocresatelital.com\/index.php?rest_route=\/wp\/v2\/types\/post"}],"author":[{"embeddable":true,"href":"https:\/\/radiocresatelital.com\/index.php?rest_route=\/wp\/v2\/users\/2"}],"replies":[{"embeddable":true,"href":"https:\/\/radiocresatelital.com\/index.php?rest_route=%2Fwp%2Fv2%2Fcomments&post=40400"}],"version-history":[{"count":1,"href":"https:\/\/radiocresatelital.com\/index.php?rest_route=\/wp\/v2\/posts\/40400\/revisions"}],"predecessor-version":[{"id":40402,"href":"https:\/\/radiocresatelital.com\/index.php?rest_route=\/wp\/v2\/posts\/40400\/revisions\/40402"}],"wp:featuredmedia":[{"embeddable":true,"href":"https:\/\/radiocresatelital.com\/index.php?rest_route=\/wp\/v2\/media\/40401"}],"wp:attachment":[{"href":"https:\/\/radiocresatelital.com\/index.php?rest_route=%2Fwp%2Fv2%2Fmedia&parent=40400"}],"wp:term":[{"taxonomy":"category","embeddable":true,"href":"https:\/\/radiocresatelital.com\/index.php?rest_route=%2Fwp%2Fv2%2Fcategories&post=40400"},{"taxonomy":"post_tag","embeddable":true,"href":"https:\/\/radiocresatelital.com\/index.php?rest_route=%2Fwp%2Fv2%2Ftags&post=40400"}],"curies":[{"name":"wp","href":"https:\/\/api.w.org\/{rel}","templated":true}]}}