{"id":40385,"date":"2025-10-28T19:53:38","date_gmt":"2025-10-28T19:53:38","guid":{"rendered":"https:\/\/radiocresatelital.com\/?p=40385"},"modified":"2025-10-28T19:53:38","modified_gmt":"2025-10-28T19:53:38","slug":"ecuador-listo-para-competir-en-el-mundial-sub-16-en-chile","status":"publish","type":"post","link":"https:\/\/radiocresatelital.com\/?p=40385","title":{"rendered":"Ecuador listo para competir en el Mundial sub-16 en Chile"},"content":{"rendered":"<p>Guayaquil.- Del 3 al 9 de noviembre, en el Centro de Tenis y Raquetas del Parque Estadio Nacional de Santiago de Chile, Ecuador afrontar\u00e1 el Campeonato Mundial sub-16, llamado oficialmente Junior Davis Cup en la rama masculina.<\/p>\n<p>Ecuador clasific\u00f3 a este Mundial, donde compiten las mejores 16 naciones de los cinco continentes, tanto en damas como en varones, tras lograr el vicecampeonato Sudamericano efectuado en agosto pasado.<\/p>\n<p>La delegaci\u00f3n nacional la integran: Emilio Camacho, Jaime Robles, Sergio Castro, el capit\u00e1n Diego Velastegu\u00ed, y el entrenador y delegado de la Federaci\u00f3n Ecuatoriana de Tenis, Emilio G\u00f3mez. El equipo tiene previsto viajar rumbo a tierras chilenas, desde la ciudad de Guayaquil, este viernes 31 de octubre, a las 17h00.<\/p>\n<p>\u201cEs una satisfacci\u00f3n grande que nuestro equipo sub-16 represente al continente en la Junior Davis Cup, donde estar\u00e1n participando las mejores 16 selecciones nacionales del mundo. Los chicos est\u00e1n comprometidos con lograr objetivos muy importantes en Chile, y para esos tienen Diego Velastegu\u00ed, capit\u00e1n; y, Emilio G\u00f3mez, entrenador y delegado de la FET, que podr\u00e1n transmitir todas sus experiencias a los chicos\u201d, manifest\u00f3 en rudda de prensa celebrada hoy martes el presidente de la FET, Patricio Galarza Maldonado.<\/p>\n<p>Por su parte, el capit\u00e1n del equipo destac\u00f3 las virtudes de los tres tenistas juveniles. \u201cEmilio (Camacho) ha tenido un buen a\u00f1o, con logros importantes a nivel internacional y por eso se ubica en el top 50 del ranking mundial juvenil. Jaime Robles es un jugador que es peleador en la cancha, y es muy importante en le dobles. Sergio Castro tiene el mejor rev\u00e9s dentro de los jugadores de su categor\u00eda a nivel nacional y esa es su fortaleza, adem\u00e1s tambi\u00e9n es importante en los partidos de dobles\u201d.<\/p>\n<p>El torneo tendr\u00e1 un formato de 4 grupos de 4 naciones. Cada pa\u00eds jugar\u00e1 una serie por d\u00eda en la fase de grupos (2 singles y 1 dobles). Los mejores de cada grupo avanzar\u00e1n a las semifinales y luego a las finales, mientras que los dem\u00e1s lo har\u00e1n para definir ubicaciones generales.<\/p>\n<p>Es la primera vez que las Finales se celebran en Sudam\u00e9rica desde 2001, cuando Santiago tambi\u00e9n fue la ciudad anfitriona.<\/p>\n<p>En esta cita ecum\u00e9nica estar\u00e1n presentes 2 equipos del \u00e1rea de Norteam\u00e9rica, Centro Am\u00e9rica y el Caribe; 3 de Sudam\u00e9rica; 6 de Europa; 1 de \u00c1frica; y, 4 de Asia y Ocean\u00eda: Brasil, Canad\u00e1, Chile, China R.P., China Taipei, Chequia, Ecuador, Egipto, Francia, Alemania, Jap\u00f3n, Corea del Sur, Eslovaquia, Espa\u00f1a, Turqu\u00eda y Estados Unidos.<\/p>\n<p><strong>Evaluaciones m\u00e9dicas previo al viaje<\/strong><br \/>\nHoy en la ma\u00f1ana el equipo se realiz\u00f3 una evaluaci\u00f3n preparticipativa (EPP) en el Departamento de Ciencias del Deporte de la FET. El Dr. Tyrone Flores, director del \u00e1rea, junto al Lcdo. Jimmy Ar\u00e9valo, realizaron la evaluaci\u00f3n a los tenistas juveniles Emilio Camacho, Jaime Robles y Sergio Castro. Estuvieron presentes el capit\u00e1n del equipo Diego Velastegu\u00ed; y, el entrenador y delegado de la FET, Emilio G\u00f3mez.<\/p>\n<p>Esta es una evaluaci\u00f3n necesaria para saber en qu\u00e9 condiciones f\u00edsicas y m\u00e9dicas se encuentra el tenista hasta el momento. Las pruebas se realizaron en el gimnasio de la Federaci\u00f3n Ecuatoriana de Tenis donde tambi\u00e9n funciona el departamento m\u00e9dico.<\/p>\n","protected":false},"excerpt":{"rendered":"<p>Guayaquil.- Del 3 al 9 de noviembre, en el Centro de Tenis y Raquetas del Parque Estadio Nacional de Santiago de Chile, Ecuador afrontar\u00e1 el Campeonato Mundial sub-16, llamado oficialmente Junior Davis Cup en la rama masculina. Ecuador clasific\u00f3 a este Mundial, donde compiten las mejores 16 naciones de los cinco continentes, tanto en damas [&hellip;]<\/p>\n","protected":false},"author":2,"featured_media":40386,"comment_status":"open","ping_status":"closed","sticky":false,"template":"","format":"standard","meta":{"_jetpack_memberships_contains_paid_content":false,"footnotes":""},"categories":[9,64],"tags":[6427],"class_list":["post-40385","post","type-post","status-publish","format-standard","has-post-thumbnail","hentry","category-deportes","category-tenis","tag-campeonato-mundial-sub-16"],"jetpack_featured_media_url":"https:\/\/radiocresatelital.com\/wp-content\/uploads\/2025\/10\/WhatsApp-Image-2025-10-28-at-14.37.26.jpeg","jetpack_sharing_enabled":true,"_links":{"self":[{"href":"https:\/\/radiocresatelital.com\/index.php?rest_route=\/wp\/v2\/posts\/40385","targetHints":{"allow":["GET"]}}],"collection":[{"href":"https:\/\/radiocresatelital.com\/index.php?rest_route=\/wp\/v2\/posts"}],"about":[{"href":"https:\/\/radiocresatelital.com\/index.php?rest_route=\/wp\/v2\/types\/post"}],"author":[{"embeddable":true,"href":"https:\/\/radiocresatelital.com\/index.php?rest_route=\/wp\/v2\/users\/2"}],"replies":[{"embeddable":true,"href":"https:\/\/radiocresatelital.com\/index.php?rest_route=%2Fwp%2Fv2%2Fcomments&post=40385"}],"version-history":[{"count":1,"href":"https:\/\/radiocresatelital.com\/index.php?rest_route=\/wp\/v2\/posts\/40385\/revisions"}],"predecessor-version":[{"id":40387,"href":"https:\/\/radiocresatelital.com\/index.php?rest_route=\/wp\/v2\/posts\/40385\/revisions\/40387"}],"wp:featuredmedia":[{"embeddable":true,"href":"https:\/\/radiocresatelital.com\/index.php?rest_route=\/wp\/v2\/media\/40386"}],"wp:attachment":[{"href":"https:\/\/radiocresatelital.com\/index.php?rest_route=%2Fwp%2Fv2%2Fmedia&parent=40385"}],"wp:term":[{"taxonomy":"category","embeddable":true,"href":"https:\/\/radiocresatelital.com\/index.php?rest_route=%2Fwp%2Fv2%2Fcategories&post=40385"},{"taxonomy":"post_tag","embeddable":true,"href":"https:\/\/radiocresatelital.com\/index.php?rest_route=%2Fwp%2Fv2%2Ftags&post=40385"}],"curies":[{"name":"wp","href":"https:\/\/api.w.org\/{rel}","templated":true}]}}