{"id":40332,"date":"2025-10-27T20:55:11","date_gmt":"2025-10-27T20:55:11","guid":{"rendered":"https:\/\/radiocresatelital.com\/?p=40332"},"modified":"2025-10-27T20:55:11","modified_gmt":"2025-10-27T20:55:11","slug":"movistar-best-pc-acecha-el-liderato-de-la-vuelta-a-guatemala-2","status":"publish","type":"post","link":"https:\/\/radiocresatelital.com\/?p=40332","title":{"rendered":"Movistar Best PC acecha el liderato de la Vuelta a Guatemala"},"content":{"rendered":"<p>Guatemala.- La cuarta jornada de la edici\u00f3n 64 de la Vuelta a Guatemala tuvo como protagonistas, nuevamente, a los ciclistas del Movistar Best PC<strong>, <\/strong>quienes no pierden la rueda de los primeros lugares.<\/p>\n<p>Tanto que el colombiano Carlos Guti\u00e9rrez se mantiene segundo en la clasificaci\u00f3n general, a tan solo 13 segundos del l\u00edder, el colombiano Christian Mu\u00f1oz (NU Colombia); Carlos ingres\u00f3 en el puesto 21 de la jornada de hoy.<\/p>\n<p>El inclemente calor en la ruta a lo largo de los 191,6 kil\u00f3metros entre Ciudad Vieja y la localidad de Coatepeque fue el invitado especial de la fracci\u00f3n, que termin\u00f3 con la victoria del mexicano Carlos MacPherson (Olinka Specialized).<\/p>\n<p>En la tabla principal, Bryan Obando, tambi\u00e9n integrante del \u00fanico equipo continental ecuatoriano, se encuentra en la quinta posici\u00f3n.<\/p>\n<p>Byron Guam\u00e1 fue nuevamente el mejor ciclista del <strong>Movistar Best PC <\/strong>en la fracci\u00f3n, al cruzar la meta en el noveno lugar. En la general, el Patr\u00f3n ahora es 31. Un poco m\u00e1s adelante se encuentran Santiago Montenegro, casilla 27, y H\u00e9ctor \u00c1lvarez (30).<\/p>\n<p>La Vuelta a Guatemala llegar\u00e1, este martes 28 de octubre, a la mitad de su recorrido, con el desarrollo de la quinta etapa, que tendr\u00e1 como salida el municipio de Retalhuleu y, luego de 109,3 kil\u00f3metros, arribar a San Rafael Pie de la Cuesta.<\/p>\n","protected":false},"excerpt":{"rendered":"<p>Guatemala.- La cuarta jornada de la edici\u00f3n 64 de la Vuelta a Guatemala tuvo como protagonistas, nuevamente, a los ciclistas del Movistar Best PC, quienes no pierden la rueda de los primeros lugares. Tanto que el colombiano Carlos Guti\u00e9rrez se mantiene segundo en la clasificaci\u00f3n general, a tan solo 13 segundos del l\u00edder, el colombiano [&hellip;]<\/p>\n","protected":false},"author":2,"featured_media":40335,"comment_status":"open","ping_status":"closed","sticky":false,"template":"","format":"standard","meta":{"_jetpack_memberships_contains_paid_content":false,"footnotes":""},"categories":[120,9],"tags":[1029,1267],"class_list":["post-40332","post","type-post","status-publish","format-standard","has-post-thumbnail","hentry","category-ciclismo","category-deportes","tag-movistar-best-pc","tag-vuelta-a-guatemala"],"jetpack_featured_media_url":"https:\/\/radiocresatelital.com\/wp-content\/uploads\/2025\/10\/WhatsApp-Image-2025-10-27-at-15.53.38.jpeg","jetpack_sharing_enabled":true,"_links":{"self":[{"href":"https:\/\/radiocresatelital.com\/index.php?rest_route=\/wp\/v2\/posts\/40332","targetHints":{"allow":["GET"]}}],"collection":[{"href":"https:\/\/radiocresatelital.com\/index.php?rest_route=\/wp\/v2\/posts"}],"about":[{"href":"https:\/\/radiocresatelital.com\/index.php?rest_route=\/wp\/v2\/types\/post"}],"author":[{"embeddable":true,"href":"https:\/\/radiocresatelital.com\/index.php?rest_route=\/wp\/v2\/users\/2"}],"replies":[{"embeddable":true,"href":"https:\/\/radiocresatelital.com\/index.php?rest_route=%2Fwp%2Fv2%2Fcomments&post=40332"}],"version-history":[{"count":1,"href":"https:\/\/radiocresatelital.com\/index.php?rest_route=\/wp\/v2\/posts\/40332\/revisions"}],"predecessor-version":[{"id":40336,"href":"https:\/\/radiocresatelital.com\/index.php?rest_route=\/wp\/v2\/posts\/40332\/revisions\/40336"}],"wp:featuredmedia":[{"embeddable":true,"href":"https:\/\/radiocresatelital.com\/index.php?rest_route=\/wp\/v2\/media\/40335"}],"wp:attachment":[{"href":"https:\/\/radiocresatelital.com\/index.php?rest_route=%2Fwp%2Fv2%2Fmedia&parent=40332"}],"wp:term":[{"taxonomy":"category","embeddable":true,"href":"https:\/\/radiocresatelital.com\/index.php?rest_route=%2Fwp%2Fv2%2Fcategories&post=40332"},{"taxonomy":"post_tag","embeddable":true,"href":"https:\/\/radiocresatelital.com\/index.php?rest_route=%2Fwp%2Fv2%2Ftags&post=40332"}],"curies":[{"name":"wp","href":"https:\/\/api.w.org\/{rel}","templated":true}]}}