{"id":40312,"date":"2025-10-27T20:33:59","date_gmt":"2025-10-27T20:33:59","guid":{"rendered":"https:\/\/radiocresatelital.com\/?p=40312"},"modified":"2025-10-27T20:34:00","modified_gmt":"2025-10-27T20:34:00","slug":"si-no-llegamos-al-mundial-aunque-soy-optimista-el-error-seria-culpar-a-alguien-gianluigi-buffon","status":"publish","type":"post","link":"https:\/\/radiocresatelital.com\/?p=40312","title":{"rendered":"Si no llegamos al Mundial, aunque soy optimista, el error ser\u00eda culpar a alguien, Gianluigi Buffon"},"content":{"rendered":"<p>Par\u00eds.- Gianluigi Buffon, exportero de la Selecci\u00f3n Italiana de F\u00fatbol ha rechazado la b\u00fasqueda de culpables por la posible no presencia de Italia en el Mundial 2026\u00a0 que se jugar\u00e1 en en Estados Unidos, Canad\u00e1 y M\u00e9xico.<\/p>\n<p>\u00abSi no llegamos al Mundial, aunque soy optimista, el error ser\u00eda culpar a alguien, y \u00e9se es el error que seguimos cometiendo sin hacer nada para ayudarnos a crecer como comunidad\u00bb, afirm\u00f3 Buffon tras el acto de clausura del centenario del diario Corriere dello Sport celebrado en el Teatro San Carlo de N\u00e1poles.<\/p>\n<p>Italia, ausente en Rusia 2018 y Qatar 2022, marcha en el segundo puesto del Grupo I de las Eliminatorias europeas al Mundial 2026 con 15 puntos, tres menos que Noruega, favorito a sellar el boleto directo a la pr\u00f3xima Copa del Mundo como ganador de la zona.<\/p>\n<p>Noruega, que visitar\u00e1 a Italia el 16 de noviembre por la \u00faltima fecha del Grupo I, presenta una amplia ventaja sobre la \u00abazzurra\u00bb por la diferencia de goles (+26 y +10).<\/p>\n<p>Italia, que eligi\u00f3 a Gattuso para reemplazar a Luciano Spalletti al inicio de las Eliminatorias, visitar\u00e1 a Moldavia, \u00faltimo con 1 punto, en la pen\u00faltima fecha del Grupo I, en la que Noruega recibir\u00e1 a Estonia, pen\u00faltimo con 4 unidades.<\/p>\n<p>\u00abLa decisi\u00f3n que tomamos es la mejor. No s\u00e9 si dar\u00e1 sus frutos, pero es la m\u00e1s adecuada y funcional en este momento\u00bb, consider\u00f3 Buffon sobre la elecci\u00f3n de Gattuso como sucesor de Spalletti.<\/p>\n<p>Por \u00faltimo, Buffon realiz\u00f3 una comparaci\u00f3n con otros deportes en los que Italia se destaca: \u00abaunque es m\u00e1s complicado, deber\u00edamos poder implementar ciertas reglas en el f\u00fatbol que garanticen que se descubran j\u00f3venes talentos, o incluso que se desarrollen en las canteras\u00bb, remarc\u00f3.<\/p>\n<p>\u00abLo primero que necesitamos, creo, de todos, de los clubes y de quienes manejan los hilos, es preocuparse por el futuro de nuestra selecci\u00f3n nacional y del f\u00fatbol italiano\u00bb, complet\u00f3 Buffon.<\/p>\n","protected":false},"excerpt":{"rendered":"<p>Par\u00eds.- Gianluigi Buffon, exportero de la Selecci\u00f3n Italiana de F\u00fatbol ha rechazado la b\u00fasqueda de culpables por la posible no presencia de Italia en el Mundial 2026\u00a0 que se jugar\u00e1 en en Estados Unidos, Canad\u00e1 y M\u00e9xico. \u00abSi no llegamos al Mundial, aunque soy optimista, el error ser\u00eda culpar a alguien, y \u00e9se es el [&hellip;]<\/p>\n","protected":false},"author":2,"featured_media":40313,"comment_status":"open","ping_status":"closed","sticky":false,"template":"","format":"standard","meta":{"_jetpack_memberships_contains_paid_content":false,"footnotes":""},"categories":[7,955],"tags":[410,1291],"class_list":["post-40312","post","type-post","status-publish","format-standard","has-post-thumbnail","hentry","category-futbol-internacional","category-mundial-de-futbol","tag-gianluigi-buffon","tag-seleccion-italia"],"jetpack_featured_media_url":"https:\/\/radiocresatelital.com\/wp-content\/uploads\/2025\/10\/Gianluigi-Buffon-volvio-a-Juventus-1.jpg","jetpack_sharing_enabled":true,"_links":{"self":[{"href":"https:\/\/radiocresatelital.com\/index.php?rest_route=\/wp\/v2\/posts\/40312","targetHints":{"allow":["GET"]}}],"collection":[{"href":"https:\/\/radiocresatelital.com\/index.php?rest_route=\/wp\/v2\/posts"}],"about":[{"href":"https:\/\/radiocresatelital.com\/index.php?rest_route=\/wp\/v2\/types\/post"}],"author":[{"embeddable":true,"href":"https:\/\/radiocresatelital.com\/index.php?rest_route=\/wp\/v2\/users\/2"}],"replies":[{"embeddable":true,"href":"https:\/\/radiocresatelital.com\/index.php?rest_route=%2Fwp%2Fv2%2Fcomments&post=40312"}],"version-history":[{"count":1,"href":"https:\/\/radiocresatelital.com\/index.php?rest_route=\/wp\/v2\/posts\/40312\/revisions"}],"predecessor-version":[{"id":40314,"href":"https:\/\/radiocresatelital.com\/index.php?rest_route=\/wp\/v2\/posts\/40312\/revisions\/40314"}],"wp:featuredmedia":[{"embeddable":true,"href":"https:\/\/radiocresatelital.com\/index.php?rest_route=\/wp\/v2\/media\/40313"}],"wp:attachment":[{"href":"https:\/\/radiocresatelital.com\/index.php?rest_route=%2Fwp%2Fv2%2Fmedia&parent=40312"}],"wp:term":[{"taxonomy":"category","embeddable":true,"href":"https:\/\/radiocresatelital.com\/index.php?rest_route=%2Fwp%2Fv2%2Fcategories&post=40312"},{"taxonomy":"post_tag","embeddable":true,"href":"https:\/\/radiocresatelital.com\/index.php?rest_route=%2Fwp%2Fv2%2Ftags&post=40312"}],"curies":[{"name":"wp","href":"https:\/\/api.w.org\/{rel}","templated":true}]}}