{"id":40283,"date":"2025-10-27T19:49:09","date_gmt":"2025-10-27T19:49:09","guid":{"rendered":"https:\/\/radiocresatelital.com\/?p=40283"},"modified":"2025-10-27T19:49:09","modified_gmt":"2025-10-27T19:49:09","slug":"el-mtb-ecuatoriano-va-con-todo-a-chile","status":"publish","type":"post","link":"https:\/\/radiocresatelital.com\/?p=40283","title":{"rendered":"El MTB ecuatoriano va con todo a Chile"},"content":{"rendered":"<p>Quito.- La selecci\u00f3n ecuatoriana de ciclismo de monta\u00f1a viajar\u00e1 a Chile para competir en el Campeonato Sudamericano de MTB 2025, que se disputar\u00e1 del 28 de octubre al 2 de noviembre en el Club Naval de Campo Tumbes, en Talcahuano.<\/p>\n<p>El certamen reunir\u00e1 a los mejores exponentes de la regi\u00f3n en las modalidades Cross Country Ol\u00edmpico (XCO), Short Track (XCC) y Eliminator (XCE).<\/p>\n<p>Ecuador participar\u00e1 con una delegaci\u00f3n integrada por ciclistas de las categor\u00edas \u00c9lite, Sub-23, Juvenil, Cadete e Infantil, quienes buscar\u00e1n destacar y dejar en alto el nombre del pa\u00eds en una de las competencias m\u00e1s importantes del calendario sudamericano.<\/p>\n<p><strong>Selecci\u00f3n \u00c9lite<\/strong><br \/>\n\u2022 Erick Fierro<br \/>\n\u2022 Michela Molina<br \/>\n\u2022 Miryam N\u00fa\u00f1ez<\/p>\n<p><strong>Deportistas avalados<\/strong><br \/>\nBrayan Rondal, Rafael Padilla, William Tobay, Benjam\u00edn Quinteros, Jazm\u00edn Castro, Prisila Rondal, Mat\u00edas Caivinagua, Joselyn Castro, Romina Morales, Mat\u00edas Ch\u00e1vez, Ignacio Mestanza, Romel Murillo, Mila Aguilar, Miller Franco, David Mestanza y Jorge Brito.<\/p>\n<p>La participaci\u00f3n ecuatoriana en este campeonato busca fortalecer el desarrollo del MTB nacional y proyectar a nuevos talentos hacia el alto rendimiento internacional.<\/p>\n<p>La Federaci\u00f3n Ecuatoriana de Ciclismo (FEC) reafirma su compromiso con el crecimiento del ciclismo de monta\u00f1a en todas sus modalidades, brindando respaldo t\u00e9cnico, log\u00edstico y formativo a los deportistas que representan con orgullo al pa\u00eds en escenarios internacionales.<\/p>\n","protected":false},"excerpt":{"rendered":"<p>Quito.- La selecci\u00f3n ecuatoriana de ciclismo de monta\u00f1a viajar\u00e1 a Chile para competir en el Campeonato Sudamericano de MTB 2025, que se disputar\u00e1 del 28 de octubre al 2 de noviembre en el Club Naval de Campo Tumbes, en Talcahuano. El certamen reunir\u00e1 a los mejores exponentes de la regi\u00f3n en las modalidades Cross Country [&hellip;]<\/p>\n","protected":false},"author":2,"featured_media":40284,"comment_status":"open","ping_status":"closed","sticky":false,"template":"","format":"standard","meta":{"_jetpack_memberships_contains_paid_content":false,"footnotes":""},"categories":[120,9],"tags":[6409],"class_list":["post-40283","post","type-post","status-publish","format-standard","has-post-thumbnail","hentry","category-ciclismo","category-deportes","tag-campeonato-sudamericano-de-mtb-2025"],"jetpack_featured_media_url":"https:\/\/radiocresatelital.com\/wp-content\/uploads\/2025\/10\/Ecuador12dayFeautred.jpg","jetpack_sharing_enabled":true,"_links":{"self":[{"href":"https:\/\/radiocresatelital.com\/index.php?rest_route=\/wp\/v2\/posts\/40283","targetHints":{"allow":["GET"]}}],"collection":[{"href":"https:\/\/radiocresatelital.com\/index.php?rest_route=\/wp\/v2\/posts"}],"about":[{"href":"https:\/\/radiocresatelital.com\/index.php?rest_route=\/wp\/v2\/types\/post"}],"author":[{"embeddable":true,"href":"https:\/\/radiocresatelital.com\/index.php?rest_route=\/wp\/v2\/users\/2"}],"replies":[{"embeddable":true,"href":"https:\/\/radiocresatelital.com\/index.php?rest_route=%2Fwp%2Fv2%2Fcomments&post=40283"}],"version-history":[{"count":1,"href":"https:\/\/radiocresatelital.com\/index.php?rest_route=\/wp\/v2\/posts\/40283\/revisions"}],"predecessor-version":[{"id":40285,"href":"https:\/\/radiocresatelital.com\/index.php?rest_route=\/wp\/v2\/posts\/40283\/revisions\/40285"}],"wp:featuredmedia":[{"embeddable":true,"href":"https:\/\/radiocresatelital.com\/index.php?rest_route=\/wp\/v2\/media\/40284"}],"wp:attachment":[{"href":"https:\/\/radiocresatelital.com\/index.php?rest_route=%2Fwp%2Fv2%2Fmedia&parent=40283"}],"wp:term":[{"taxonomy":"category","embeddable":true,"href":"https:\/\/radiocresatelital.com\/index.php?rest_route=%2Fwp%2Fv2%2Fcategories&post=40283"},{"taxonomy":"post_tag","embeddable":true,"href":"https:\/\/radiocresatelital.com\/index.php?rest_route=%2Fwp%2Fv2%2Ftags&post=40283"}],"curies":[{"name":"wp","href":"https:\/\/api.w.org\/{rel}","templated":true}]}}