{"id":40249,"date":"2025-10-27T00:40:34","date_gmt":"2025-10-27T00:40:34","guid":{"rendered":"https:\/\/radiocresatelital.com\/?p=40249"},"modified":"2025-10-27T00:40:34","modified_gmt":"2025-10-27T00:40:34","slug":"movistar-best-pc-acecha-el-liderato-de-la-vuelta-a-guatemala","status":"publish","type":"post","link":"https:\/\/radiocresatelital.com\/?p=40249","title":{"rendered":"Movistar Best PC acecha el liderato de la Vuelta a Guatemala"},"content":{"rendered":"<p>Guatemala.- El Movistar Best PC acecha, con el colombiano Carlos Guti\u00e9rrez, el liderato de la edici\u00f3n 64 de la Vuelta a Guatemala, tras el desarrollo, este domingo 26 de octubre de 2025, de la tercera etapa.<\/p>\n<p>El cafetero, que fue l\u00edder de la monta\u00f1a durante la primera jornada, se encuentra a tan solo 13 segundos del primer ubicado en la clasificaci\u00f3n general, su compatriota Cristian Mu\u00f1oz (NU Colombia).<\/p>\n<p>Durante la tercera etapa de la ronda centroamericana, que inici\u00f3 en el municipio de Monjas y finaliz\u00f3 en la localidad de Fraijanes, con un trayecto de 126 kil\u00f3metros, Guti\u00e9rrez se ubic\u00f3 en la posici\u00f3n 17.<\/p>\n<p>Sin embargo, el mejor ubicado de la fracci\u00f3n del \u00fanico equipo continental ecuatoriano fue Byron Guam\u00e1, quien cruz\u00f3 la meta en la sexta casilla, a 1 minuto y 43 segundos del vencedor, el colombiano C\u00e9sar Nicol\u00e1s Paredes (Hino-One-La red-Suzuki).<\/p>\n<p>Mientras que, en la clasificaci\u00f3n general, por detr\u00e1s de Guti\u00e9rrez se colocan sus compa\u00f1eros Bryan Obando, quien es sexto, y Santiago Montenegro, que es segundo en la modalidad de premios de monta\u00f1a y ocupa la plaza 27.<\/p>\n<p>Entretanto, H\u00e9ctor \u00c1lvarez se encuentra en el lugar 30, seguido por Guam\u00e1, quien cumple su und\u00e9cima participaci\u00f3n en la Vuelta a Guatemala, competencia en la que ha ganado nueve etapas, en el 31.<\/p>\n<p>Adem\u00e1s de los segundos lugares, en la general por parte de Guti\u00e9rrez y en la monta\u00f1a con Montenegro, el <strong>Movistar Best PC <\/strong>es segundo tambi\u00e9n en la clasificaci\u00f3n por equipos.<\/p>\n<p>La cuarta jornada de la edici\u00f3n 64 de la Vuelta a Guatemala se cumplir\u00e1 este lunes 27 de octubre, con partida en Ciudad Vieja y llegada en Coatepeque, luego de 191,6 kil\u00f3metros de recorrido.<\/p>\n<p>&nbsp;<\/p>\n","protected":false},"excerpt":{"rendered":"<p>Guatemala.- El Movistar Best PC acecha, con el colombiano Carlos Guti\u00e9rrez, el liderato de la edici\u00f3n 64 de la Vuelta a Guatemala, tras el desarrollo, este domingo 26 de octubre de 2025, de la tercera etapa. El cafetero, que fue l\u00edder de la monta\u00f1a durante la primera jornada, se encuentra a tan solo 13 segundos [&hellip;]<\/p>\n","protected":false},"author":2,"featured_media":40250,"comment_status":"open","ping_status":"closed","sticky":false,"template":"","format":"standard","meta":{"_jetpack_memberships_contains_paid_content":false,"footnotes":""},"categories":[120,9],"tags":[1029],"class_list":["post-40249","post","type-post","status-publish","format-standard","has-post-thumbnail","hentry","category-ciclismo","category-deportes","tag-movistar-best-pc"],"jetpack_featured_media_url":"https:\/\/radiocresatelital.com\/wp-content\/uploads\/2025\/10\/WhatsApp-Image-2025-10-26-at-19.38.07.jpeg","jetpack_sharing_enabled":true,"_links":{"self":[{"href":"https:\/\/radiocresatelital.com\/index.php?rest_route=\/wp\/v2\/posts\/40249","targetHints":{"allow":["GET"]}}],"collection":[{"href":"https:\/\/radiocresatelital.com\/index.php?rest_route=\/wp\/v2\/posts"}],"about":[{"href":"https:\/\/radiocresatelital.com\/index.php?rest_route=\/wp\/v2\/types\/post"}],"author":[{"embeddable":true,"href":"https:\/\/radiocresatelital.com\/index.php?rest_route=\/wp\/v2\/users\/2"}],"replies":[{"embeddable":true,"href":"https:\/\/radiocresatelital.com\/index.php?rest_route=%2Fwp%2Fv2%2Fcomments&post=40249"}],"version-history":[{"count":1,"href":"https:\/\/radiocresatelital.com\/index.php?rest_route=\/wp\/v2\/posts\/40249\/revisions"}],"predecessor-version":[{"id":40251,"href":"https:\/\/radiocresatelital.com\/index.php?rest_route=\/wp\/v2\/posts\/40249\/revisions\/40251"}],"wp:featuredmedia":[{"embeddable":true,"href":"https:\/\/radiocresatelital.com\/index.php?rest_route=\/wp\/v2\/media\/40250"}],"wp:attachment":[{"href":"https:\/\/radiocresatelital.com\/index.php?rest_route=%2Fwp%2Fv2%2Fmedia&parent=40249"}],"wp:term":[{"taxonomy":"category","embeddable":true,"href":"https:\/\/radiocresatelital.com\/index.php?rest_route=%2Fwp%2Fv2%2Fcategories&post=40249"},{"taxonomy":"post_tag","embeddable":true,"href":"https:\/\/radiocresatelital.com\/index.php?rest_route=%2Fwp%2Fv2%2Ftags&post=40249"}],"curies":[{"name":"wp","href":"https:\/\/api.w.org\/{rel}","templated":true}]}}