{"id":40234,"date":"2025-10-26T20:40:30","date_gmt":"2025-10-26T20:40:30","guid":{"rendered":"https:\/\/radiocresatelital.com\/?p=40234"},"modified":"2025-10-26T20:40:41","modified_gmt":"2025-10-26T20:40:41","slug":"la-capital-americana-del-deporte-2026-suma-un-nuevo-logro-con-el-torneo-internacional-de-ajedrez","status":"publish","type":"post","link":"https:\/\/radiocresatelital.com\/?p=40234","title":{"rendered":"La Capital Americana del Deporte 2026 suma un nuevo logro con el Torneo Internacional de Ajedrez"},"content":{"rendered":"<p>Guayaquil.- La clausura del Torneo Internacional de Ajedrez Guayaquil Capital Americana del Deporte marc\u00f3 un hecho sin precedentes para el ajedrez ecuatoriano. Durante siete d\u00edas, el antiguo Club de la Uni\u00f3n en el Malec\u00f3n 2000 fue el punto de encuentro de 400 competidores provenientes de 16 pa\u00edses, entre ellos 10 Grandes Maestros, 11 Maestros Internacionales, 3 Maestras Internacionales y 6 Maestros FIDE.<\/p>\n<p>\u201cHemos tenido torneos buenos, pero como este ninguno. Estamos de diecis\u00e9is pa\u00edses, diez grandes maestros, el t\u00edtulo m\u00e1s alto que se tiene en el ajedrez, maestros internacionales, jugadores titulados. O sea, nunca en la historia del Ecuador hemos tenido tantos jugadores\u201d, asegur\u00f3 la organizadora del evento, Martha Fierro, destacando la magnitud del certamen.<\/p>\n<p>Las 5 modalidades disputadas, tanto escolares como abiertas, permitieron que jugadores profesionales, j\u00f3venes talentos y aficionados compartieran un mismo tablero competitivo, consolidando a Guayaquil como un nuevo epicentro internacional del deporte ciencia.<\/p>\n<p>El t\u00edtulo absoluto en la modalidad abierta cl\u00e1sica fue para el Gran Maestro Iv\u00e1n Schitco, de Moldova, quien elogi\u00f3 el nivel competitivo de los ecuatorianos. \u201cJugu\u00e9 en el torneo Blitz (contra ecuatorianos) y puedo decir que fueron partidas realmente dif\u00edciles. Pude haber perdido con mucha facilidad. Si se tiene al menos uno o dos torneos como este al a\u00f1o, entonces se puede esperar que crezca una muy buena generaci\u00f3n de jugadores\u201d, afirm\u00f3.<\/p>\n<p>Entre los talentos locales que brillaron destac\u00f3 Josu\u00e9 Maridue\u00f1a, de 12 a\u00f1os, habitante del Suburbio de Guayaquil, quien cerr\u00f3 invicto la categor\u00eda escolar con 9 puntos. \u201cA m\u00ed me gustar\u00eda ser gran maestro y conocer varios pa\u00edses\u201d, coment\u00f3 entusiasmado. Su madre agradeci\u00f3 al Municipio y al alcalde Aquiles Alvarez por el impulso al ajedrez. \u201cEs importante que se siga fomentando y dando esta oportunidad\u201d, expres\u00f3.<\/p>\n<p>El \u00e9xito del certamen ratifica la visi\u00f3n de la Alcald\u00eda que va m\u00e1s all\u00e1 del deporte. \u201cNosotros como Capital Americana del Deporte estamos tratando de apoyar todas las disciplinas deportivas. Nuestro Alcalde est\u00e1 convencido de que el deporte es una herramienta para la reconstrucci\u00f3n del tejido social (\u2026) el Municipio de Guayaquil ha invertido y seguir\u00e1 invirtiendo en el deporte\u201d, se\u00f1al\u00f3 Carlos Mor\u00e1n, director de Deportes.<\/p>\n<p>\u201cEl deporte es disciplina, el deporte te ayuda, el ajedrez te ayuda a pensar (\u2026) Esto va a ayudar a tener mejores ciudadanos\u201d, puntualiz\u00f3 Martha Fierro, quien ostenta el t\u00edtulo de Gran Maestra Internacional y es la ajedrecista ecuatoriana de mayor reconocimiento en la escena mundial.<\/p>\n<p>Con este torneo, Guayaquil no solo hizo historia, sino que encendi\u00f3 una nueva etapa para el ajedrez nacional: una en la que la ciudad se consolida como punto de encuentro de las grandes mentes del tablero y motor del desarrollo deportivo del Ecuador.<\/p>\n","protected":false},"excerpt":{"rendered":"<p>Guayaquil.- La clausura del Torneo Internacional de Ajedrez Guayaquil Capital Americana del Deporte marc\u00f3 un hecho sin precedentes para el ajedrez ecuatoriano. Durante siete d\u00edas, el antiguo Club de la Uni\u00f3n en el Malec\u00f3n 2000 fue el punto de encuentro de 400 competidores provenientes de 16 pa\u00edses, entre ellos 10 Grandes Maestros, 11 Maestros Internacionales, [&hellip;]<\/p>\n","protected":false},"author":2,"featured_media":40235,"comment_status":"open","ping_status":"closed","sticky":false,"template":"","format":"standard","meta":{"_jetpack_memberships_contains_paid_content":false,"footnotes":""},"categories":[9,33],"tags":[6402,6401],"class_list":["post-40234","post","type-post","status-publish","format-standard","has-post-thumbnail","hentry","category-deportes","category-guayaquil","tag-guayaquil-capital-americana-del-deporte","tag-torneo-internacional-de-ajedrez"],"jetpack_featured_media_url":"https:\/\/radiocresatelital.com\/wp-content\/uploads\/2025\/10\/DSC07320-scaled.jpeg","jetpack_sharing_enabled":true,"_links":{"self":[{"href":"https:\/\/radiocresatelital.com\/index.php?rest_route=\/wp\/v2\/posts\/40234","targetHints":{"allow":["GET"]}}],"collection":[{"href":"https:\/\/radiocresatelital.com\/index.php?rest_route=\/wp\/v2\/posts"}],"about":[{"href":"https:\/\/radiocresatelital.com\/index.php?rest_route=\/wp\/v2\/types\/post"}],"author":[{"embeddable":true,"href":"https:\/\/radiocresatelital.com\/index.php?rest_route=\/wp\/v2\/users\/2"}],"replies":[{"embeddable":true,"href":"https:\/\/radiocresatelital.com\/index.php?rest_route=%2Fwp%2Fv2%2Fcomments&post=40234"}],"version-history":[{"count":1,"href":"https:\/\/radiocresatelital.com\/index.php?rest_route=\/wp\/v2\/posts\/40234\/revisions"}],"predecessor-version":[{"id":40236,"href":"https:\/\/radiocresatelital.com\/index.php?rest_route=\/wp\/v2\/posts\/40234\/revisions\/40236"}],"wp:featuredmedia":[{"embeddable":true,"href":"https:\/\/radiocresatelital.com\/index.php?rest_route=\/wp\/v2\/media\/40235"}],"wp:attachment":[{"href":"https:\/\/radiocresatelital.com\/index.php?rest_route=%2Fwp%2Fv2%2Fmedia&parent=40234"}],"wp:term":[{"taxonomy":"category","embeddable":true,"href":"https:\/\/radiocresatelital.com\/index.php?rest_route=%2Fwp%2Fv2%2Fcategories&post=40234"},{"taxonomy":"post_tag","embeddable":true,"href":"https:\/\/radiocresatelital.com\/index.php?rest_route=%2Fwp%2Fv2%2Ftags&post=40234"}],"curies":[{"name":"wp","href":"https:\/\/api.w.org\/{rel}","templated":true}]}}