{"id":40172,"date":"2025-10-24T18:48:18","date_gmt":"2025-10-24T18:48:18","guid":{"rendered":"https:\/\/radiocresatelital.com\/?p=40172"},"modified":"2025-10-24T20:50:48","modified_gmt":"2025-10-24T20:50:48","slug":"aglomerados-cotopaxi-reduce-en-mas-del-90-el-impacto-de-los-incendios-forestales","status":"publish","type":"post","link":"https:\/\/radiocresatelital.com\/?p=40172","title":{"rendered":"Aglomerados Cotopaxi reduce en m\u00e1s del 90% el impacto de los incendios forestales"},"content":{"rendered":"<p>Latacunga.- Entre agosto y octubre, la temporada seca incrementa el riesgo de incendios forestales en Ecuador, con condiciones que pueden extenderse de julio a noviembre. Seg\u00fan datos del Ministerio del Ambiente, Agua y Transici\u00f3n Ecol\u00f3gica (MAATE), en 2024 se registraron m\u00e1s de 1.000 focos activos que afectaron fuentes de agua y ecosistemas. Frente a este escenario, Aglomerados Cotopaxi promueve desde 2002 un programa integral de prevenci\u00f3n y combate de incendios, reconocido por su aporte a la protecci\u00f3n ambiental en Cotopaxi.<\/p>\n<p>El origen de esta iniciativa se remonta al 24 de agosto de 2001, cuando un incendio de gran magnitud en la Hacienda Colcas arras\u00f3 con 134 hect\u00e1reas en un solo d\u00eda. Este acontecimiento se convirti\u00f3 en un punto decisivo para la empresa, que en la siguiente temporada conform\u00f3 su primera brigada forestal. En 2003, el programa se fortaleci\u00f3 con la llegada del instructor chileno Hern\u00e1n Quinchagual, quien form\u00f3 y certific\u00f3 a los primeros brigadistas, dot\u00e1ndolos de t\u00e9cnicas especializadas en control y extinci\u00f3n de incendios.<\/p>\n<p>Hoy, m\u00e1s de dos d\u00e9cadas despu\u00e9s, la Unidad de Manejo Forestal de Aglomerados Cotopaxi coordina de manera permanente acciones de capacitaci\u00f3n, vigilancia y protocolos de alerta temprana. Para ello, dispone de cinco torres de vigilancia estrat\u00e9gicamente ubicadas y una brigada activa de 30 personas, entrenadas y capaces de actuar de forma inmediata ante cualquier foco de incendio, desde su detecci\u00f3n hasta su control total.<\/p>\n<p>El programa de incendios de Aglomerados Cotopaxi ha sido reconocido a nivel nacional como pionero al contar con brigadas especializadas para el combate de incendios forestales.<\/p>\n<p>La mayor\u00eda de las emergencias atendidas se han producido fuera de sus plantaciones, en apoyo a comunidades y ecosistemas vulnerables; en 2009, por ejemplo, la brigada particip\u00f3 en la extinci\u00f3n de un incendio en el Parque Nacional Cotopaxi (PNC) que las autoridades no hab\u00edan logrado controlar durante m\u00e1s de tres d\u00edas.<\/p>\n<p>Adem\u00e1s de sus brigadas equipadas, la empresa ha capacitado a guardaparques, jefes del MAATE y cuerpos de bomberos de Latacunga y Quito, compartiendo su experiencia en manejo del fuego. Estas acciones han fortalecido alianzas con la Prefectura de Cotopaxi, Polic\u00eda Nacional, Fiscal\u00eda, Fuerzas Armadas y FAO, creando una red interinstitucional que mejora la respuesta ante emergencias y la gesti\u00f3n forestal sostenible en la provincia.<\/p>\n<p>Xavier Su\u00e1rez, Jefe de Manejo Forestal de Aglomerados Cotopaxi, destaca: \u201cNuestro trabajo es permanente y preventivo; cada acci\u00f3n, desde la vigilancia hasta la capacitaci\u00f3n, busca proteger la vida y el patrimonio natural que nos rodea. Las brigadas forestales de Aglomerados Cotopaxi son un ejemplo de compromiso y trabajo en equipo, demostrando que la prevenci\u00f3n es la herramienta m\u00e1s efectiva contra los incendios al combinar entrenamiento especializado, protocolos de alerta temprana y coordinaci\u00f3n con la comunidad\u201d.<\/p>\n<p>Con brigadas permanentes, programas comunitarios y cooperaci\u00f3n institucional, Aglomerados Cotopaxi reafirma su liderazgo en la prevenci\u00f3n de incendios forestales y demuestra que la gesti\u00f3n responsable del bosque es clave para proteger la biodiversidad, el agua y la seguridad de las comunidades del Ecuador.<\/p>\n","protected":false},"excerpt":{"rendered":"<p>Latacunga.- Entre agosto y octubre, la temporada seca incrementa el riesgo de incendios forestales en Ecuador, con condiciones que pueden extenderse de julio a noviembre. Seg\u00fan datos del Ministerio del Ambiente, Agua y Transici\u00f3n Ecol\u00f3gica (MAATE), en 2024 se registraron m\u00e1s de 1.000 focos activos que afectaron fuentes de agua y ecosistemas. Frente a este [&hellip;]<\/p>\n","protected":false},"author":2,"featured_media":40173,"comment_status":"open","ping_status":"closed","sticky":false,"template":"","format":"standard","meta":{"_jetpack_memberships_contains_paid_content":false,"footnotes":""},"categories":[13],"tags":[1432,1433],"class_list":["post-40172","post","type-post","status-publish","format-standard","has-post-thumbnail","hentry","category-noticias-nacionales","tag-aglomerados-cotopaxi","tag-ministerio-del-ambiente"],"jetpack_featured_media_url":"https:\/\/radiocresatelital.com\/wp-content\/uploads\/2025\/10\/WhatsApp-Image-2025-10-24-at-13.01.15.jpeg","jetpack_sharing_enabled":true,"_links":{"self":[{"href":"https:\/\/radiocresatelital.com\/index.php?rest_route=\/wp\/v2\/posts\/40172","targetHints":{"allow":["GET"]}}],"collection":[{"href":"https:\/\/radiocresatelital.com\/index.php?rest_route=\/wp\/v2\/posts"}],"about":[{"href":"https:\/\/radiocresatelital.com\/index.php?rest_route=\/wp\/v2\/types\/post"}],"author":[{"embeddable":true,"href":"https:\/\/radiocresatelital.com\/index.php?rest_route=\/wp\/v2\/users\/2"}],"replies":[{"embeddable":true,"href":"https:\/\/radiocresatelital.com\/index.php?rest_route=%2Fwp%2Fv2%2Fcomments&post=40172"}],"version-history":[{"count":1,"href":"https:\/\/radiocresatelital.com\/index.php?rest_route=\/wp\/v2\/posts\/40172\/revisions"}],"predecessor-version":[{"id":40174,"href":"https:\/\/radiocresatelital.com\/index.php?rest_route=\/wp\/v2\/posts\/40172\/revisions\/40174"}],"wp:featuredmedia":[{"embeddable":true,"href":"https:\/\/radiocresatelital.com\/index.php?rest_route=\/wp\/v2\/media\/40173"}],"wp:attachment":[{"href":"https:\/\/radiocresatelital.com\/index.php?rest_route=%2Fwp%2Fv2%2Fmedia&parent=40172"}],"wp:term":[{"taxonomy":"category","embeddable":true,"href":"https:\/\/radiocresatelital.com\/index.php?rest_route=%2Fwp%2Fv2%2Fcategories&post=40172"},{"taxonomy":"post_tag","embeddable":true,"href":"https:\/\/radiocresatelital.com\/index.php?rest_route=%2Fwp%2Fv2%2Ftags&post=40172"}],"curies":[{"name":"wp","href":"https:\/\/api.w.org\/{rel}","templated":true}]}}