{"id":40145,"date":"2025-10-24T19:20:08","date_gmt":"2025-10-24T19:20:08","guid":{"rendered":"https:\/\/radiocresatelital.com\/?p=40145"},"modified":"2025-10-24T19:20:33","modified_gmt":"2025-10-24T19:20:33","slug":"autoconfianza-y-esfuerzo-marcan-el-dia-mundial-del-karate-en-guayaquil","status":"publish","type":"post","link":"https:\/\/radiocresatelital.com\/?p=40145","title":{"rendered":"Autoconfianza y esfuerzo marcan el D\u00eda Mundial del Karate en Guayaquil"},"content":{"rendered":"<p>Guayaquil.- Este s\u00e1bado 25 de octubre, Guayaquil conmemora el D\u00eda Mundial del Karate, una fecha que resalta la importancia de este arte marcial en la formaci\u00f3n integral y el bienestar de las personas. La disciplina, que ense\u00f1a respeto, equilibrio f\u00edsico y mental, se consolida en la ciudad gracias a la agenda deportiva que promueve el Municipio de Guayaquil, reafirmando su compromiso con actividades que fomentan la salud y la convivencia ciudadana.<\/p>\n<p>En la urbe, el karate va m\u00e1s all\u00e1 de ser un deporte: se convierte en una herramienta de transformaci\u00f3n social. El Cabildo ha impulsado programas permanentes dirigidos a mujeres, ni\u00f1os y j\u00f3venes, ofreciendo espacios de pr\u00e1ctica gratuita en sectores como Puerto Liza y la Casa Guayaca. All\u00ed se fortalece la autoconfianza, la seguridad personal<br \/>\ny la cultura del esfuerzo.<\/p>\n<p>El pasado 28 de septiembre, m\u00e1s de 340 karatekas locales, provinciales e internacionales demostraron su talento en las modalidades de kata y kumite, en una jornada que reuni\u00f3 a cientos de familias. Este evento combin\u00f3 t\u00e9cnica, precisi\u00f3n y esp\u00edritu competitivo, y forma parte de la pol\u00edtica p\u00fablica que coloca al deporte como una prioridad municipal.<\/p>\n<p>Gracias a la visi\u00f3n del alcalde Aquiles Alvarez, Guayaquil vive un momento hist\u00f3rico en el desarrollo deportivo. El reconocimiento como Capital Americana del Deporte 2026 consolida los esfuerzos de una administraci\u00f3n que impulsa la actividad f\u00edsica como motor de inclusi\u00f3n, bienestar y orgullo ciudadano.<\/p>\n","protected":false},"excerpt":{"rendered":"<p>Guayaquil.- Este s\u00e1bado 25 de octubre, Guayaquil conmemora el D\u00eda Mundial del Karate, una fecha que resalta la importancia de este arte marcial en la formaci\u00f3n integral y el bienestar de las personas. La disciplina, que ense\u00f1a respeto, equilibrio f\u00edsico y mental, se consolida en la ciudad gracias a la agenda deportiva que promueve el [&hellip;]<\/p>\n","protected":false},"author":2,"featured_media":40146,"comment_status":"open","ping_status":"closed","sticky":false,"template":"","format":"standard","meta":{"_jetpack_memberships_contains_paid_content":false,"footnotes":""},"categories":[9],"tags":[293,6382],"class_list":["post-40145","post","type-post","status-publish","format-standard","has-post-thumbnail","hentry","category-deportes","tag-alcaldia-de-guayaquil","tag-dia-mundial-del-karate"],"jetpack_featured_media_url":"https:\/\/radiocresatelital.com\/wp-content\/uploads\/2025\/10\/DEFENSA-PERSONAL-1.png","jetpack_sharing_enabled":true,"_links":{"self":[{"href":"https:\/\/radiocresatelital.com\/index.php?rest_route=\/wp\/v2\/posts\/40145","targetHints":{"allow":["GET"]}}],"collection":[{"href":"https:\/\/radiocresatelital.com\/index.php?rest_route=\/wp\/v2\/posts"}],"about":[{"href":"https:\/\/radiocresatelital.com\/index.php?rest_route=\/wp\/v2\/types\/post"}],"author":[{"embeddable":true,"href":"https:\/\/radiocresatelital.com\/index.php?rest_route=\/wp\/v2\/users\/2"}],"replies":[{"embeddable":true,"href":"https:\/\/radiocresatelital.com\/index.php?rest_route=%2Fwp%2Fv2%2Fcomments&post=40145"}],"version-history":[{"count":1,"href":"https:\/\/radiocresatelital.com\/index.php?rest_route=\/wp\/v2\/posts\/40145\/revisions"}],"predecessor-version":[{"id":40147,"href":"https:\/\/radiocresatelital.com\/index.php?rest_route=\/wp\/v2\/posts\/40145\/revisions\/40147"}],"wp:featuredmedia":[{"embeddable":true,"href":"https:\/\/radiocresatelital.com\/index.php?rest_route=\/wp\/v2\/media\/40146"}],"wp:attachment":[{"href":"https:\/\/radiocresatelital.com\/index.php?rest_route=%2Fwp%2Fv2%2Fmedia&parent=40145"}],"wp:term":[{"taxonomy":"category","embeddable":true,"href":"https:\/\/radiocresatelital.com\/index.php?rest_route=%2Fwp%2Fv2%2Fcategories&post=40145"},{"taxonomy":"post_tag","embeddable":true,"href":"https:\/\/radiocresatelital.com\/index.php?rest_route=%2Fwp%2Fv2%2Ftags&post=40145"}],"curies":[{"name":"wp","href":"https:\/\/api.w.org\/{rel}","templated":true}]}}