{"id":40136,"date":"2025-10-24T18:33:16","date_gmt":"2025-10-24T18:33:16","guid":{"rendered":"https:\/\/radiocresatelital.com\/?p=40136"},"modified":"2025-10-24T18:33:16","modified_gmt":"2025-10-24T18:33:16","slug":"productividad-indentidad-e-inclusion-gobierno-entrega-111-motores-fuera-de-borda-y-financiamiento-a-pueblos-afroecuatorianos-y-montubios-en-esmeraldas","status":"publish","type":"post","link":"https:\/\/radiocresatelital.com\/?p=40136","title":{"rendered":"Productividad, Indentidad e Inclusi\u00f3n: Gobierno entrega 111 motores fuera de borda y Financiamiento a pueblos afroecuatorianos y montubios en Esmeraldas"},"content":{"rendered":"<p>Esmeraldas. \u2013 \u201cEl progreso de los pueblos y nacionalidades no es un gesto aislado, es una convicci\u00f3n\u201d, sostuvo el Presidente de la Rep\u00fablica, Daniel Noboa Azin, durante su visita a la Provincia Verde este 24 de octubre.<br \/>\nEn esta jornada, el Gobierno Nacional, a trav\u00e9s de la Secretar\u00eda de Gesti\u00f3n y Desarrollo de Pueblos y Nacionalidades (SGDPN), entreg\u00f3 USD 2 millones para financiar 23 proyectos comunitarios. Asimismo, mediante el Ministerio de Agricultura, Ganader\u00eda y Pesca (MAGP), entreg\u00f3 111 motores fuera de borda a pescadores, para impulsar su productividad. Tambi\u00e9n se otorgaron personer\u00edas jur\u00eddicas, registro de directivas y c\u00e9dulas de identidad.<\/p>\n<p>\u201cUna vez m\u00e1s, estamos demostrando que s\u00ed se puede gobernar con sentido de justicia y con los pies en el territorio\u201d, afirm\u00f3 el Mandatario. En este sentido, destac\u00f3 que dentro del proyecto de Desarrollo Integral de Pueblos y Nacionalidades Afroecuatorianos y Montubios del Ecuador, USD 77,6 millones son destinados al fomento productivo y al fortalecimiento de sus comunidades.<\/p>\n<p>Respecto a la entrega de los USD 2 millones para hacer realidad 23 proyectos comunitarios, se\u00f1al\u00f3 que se beneficiar\u00e1n m\u00e1s de 4.000 familias y 16.000 personas de parroquias como Camarones, Carondelet, Concepci\u00f3n, Daule, La Tola, Lagarto, Malimpia, Montalvo, Quingue, R\u00edo Verde, San Mateo, S\u00faa, Tachina, Telemb\u00ed, Tululb\u00ed y<br \/>\nVuelta Larga.<\/p>\n<p>La secretaria de Pueblos y Nacionalidades, Julia Angulo, destac\u00f3 que \u201cnunca un Presidente hab\u00eda dado tantos recursos\u201d, a trav\u00e9s de esta cartera de Estado; por lo que agradeci\u00f3 su compromiso con el desarrollo, la seguridad, la igualdad e inclusi\u00f3n del pueblo afroecuatoriano.<\/p>\n<p>Del mismo modo, Adalgisa Cuero, una de las beneficiarias de los 111 motores fuera de borda, remarc\u00f3: \u201cEsto va a incentivar los proyectos que tenemos dentro de las comunidades (\u2026). Con esto vamos a seguir luchando, trabajando y apoy\u00e1ndonos hombro a hombro para sacar adelante a nuestras familias\u201d.<\/p>\n<p>Durante el evento, el presidente Daniel Noboa tambi\u00e9n resalt\u00f3 que su administraci\u00f3n asumi\u00f3 las metas establecidas, entre el 2025 y 2034, por las Naciones Unidas en el marco del Segundo Decenio Internacional de los Afrodescendientes, un per\u00edodo destinado a reivindicar derechos, fortalecer identidades y saldar deudas hist\u00f3ricas.<\/p>\n<p>Este acto se formaliz\u00f3 con la suscripci\u00f3n del Decreto Ejecutivo No. 186. \u201cYa no es solo un discurso, es un compromiso de coraz\u00f3n. Vamos a sacarlos adelante y trabajaremos d\u00eda y noche para que los pueblos afro tengan las oportunidades que se merecen\u201d, declar\u00f3 Noboa, al tiempo que hizo hincapi\u00e9 en que su gobierno se mantendr\u00e1 firme en sus decisiones para el bien de todo el Ecuador.<\/p>\n","protected":false},"excerpt":{"rendered":"<p>Esmeraldas. \u2013 \u201cEl progreso de los pueblos y nacionalidades no es un gesto aislado, es una convicci\u00f3n\u201d, sostuvo el Presidente de la Rep\u00fablica, Daniel Noboa Azin, durante su visita a la Provincia Verde este 24 de octubre. En esta jornada, el Gobierno Nacional, a trav\u00e9s de la Secretar\u00eda de Gesti\u00f3n y Desarrollo de Pueblos y [&hellip;]<\/p>\n","protected":false},"author":2,"featured_media":40137,"comment_status":"open","ping_status":"closed","sticky":false,"template":"","format":"standard","meta":{"_jetpack_memberships_contains_paid_content":false,"footnotes":""},"categories":[13],"tags":[1322],"class_list":["post-40136","post","type-post","status-publish","format-standard","has-post-thumbnail","hentry","category-noticias-nacionales","tag-presidente-daniel-noboa"],"jetpack_featured_media_url":"https:\/\/radiocresatelital.com\/wp-content\/uploads\/2025\/10\/54876155642_04d1dfbc7a_c.jpg","jetpack_sharing_enabled":true,"_links":{"self":[{"href":"https:\/\/radiocresatelital.com\/index.php?rest_route=\/wp\/v2\/posts\/40136","targetHints":{"allow":["GET"]}}],"collection":[{"href":"https:\/\/radiocresatelital.com\/index.php?rest_route=\/wp\/v2\/posts"}],"about":[{"href":"https:\/\/radiocresatelital.com\/index.php?rest_route=\/wp\/v2\/types\/post"}],"author":[{"embeddable":true,"href":"https:\/\/radiocresatelital.com\/index.php?rest_route=\/wp\/v2\/users\/2"}],"replies":[{"embeddable":true,"href":"https:\/\/radiocresatelital.com\/index.php?rest_route=%2Fwp%2Fv2%2Fcomments&post=40136"}],"version-history":[{"count":1,"href":"https:\/\/radiocresatelital.com\/index.php?rest_route=\/wp\/v2\/posts\/40136\/revisions"}],"predecessor-version":[{"id":40138,"href":"https:\/\/radiocresatelital.com\/index.php?rest_route=\/wp\/v2\/posts\/40136\/revisions\/40138"}],"wp:featuredmedia":[{"embeddable":true,"href":"https:\/\/radiocresatelital.com\/index.php?rest_route=\/wp\/v2\/media\/40137"}],"wp:attachment":[{"href":"https:\/\/radiocresatelital.com\/index.php?rest_route=%2Fwp%2Fv2%2Fmedia&parent=40136"}],"wp:term":[{"taxonomy":"category","embeddable":true,"href":"https:\/\/radiocresatelital.com\/index.php?rest_route=%2Fwp%2Fv2%2Fcategories&post=40136"},{"taxonomy":"post_tag","embeddable":true,"href":"https:\/\/radiocresatelital.com\/index.php?rest_route=%2Fwp%2Fv2%2Ftags&post=40136"}],"curies":[{"name":"wp","href":"https:\/\/api.w.org\/{rel}","templated":true}]}}