{"id":40133,"date":"2025-10-24T18:24:57","date_gmt":"2025-10-24T18:24:57","guid":{"rendered":"https:\/\/radiocresatelital.com\/?p=40133"},"modified":"2025-10-24T18:24:57","modified_gmt":"2025-10-24T18:24:57","slug":"prefecta-marcela-aguinaga-presento-proyecto-vial-que-une-a-guayas-y-manabi-con-una-inversion-que-supera-los-27-millones-de-dolares","status":"publish","type":"post","link":"https:\/\/radiocresatelital.com\/?p=40133","title":{"rendered":"Prefecta Marcela Agui\u00f1aga present\u00f3 proyecto vial que une a Guayas y Manab\u00ed con una inversi\u00f3n que supera los 27 millones de d\u00f3lares"},"content":{"rendered":"<p><span style=\"font-weight: 400;\">Guayaquil.- La Prefecta del Guayas, Marcela Agui\u00f1aga, puso fin a 10 a\u00f1os de espera con el anuncio de la intervenci\u00f3n de la v\u00eda Colimes-Olmedo, que conecta con la provincia de Manab\u00ed. Con una inversi\u00f3n que supera los 27 millones de d\u00f3lares, financiados por el Banco Mundial, que comprende el costo de la obra y la fiscalizaci\u00f3n, se concretar\u00e1 la rehabilitaci\u00f3n y asfaltado de casi 30 km de una importante ruta productiva y comercial a nivel nacional. As\u00ed lo anunci\u00f3 la m\u00e1xima autoridad durante el evento de socializaci\u00f3n junto al alcalde de Colimes, \u00c1lex Quinto, y la alcaldesa de Olmedo, Lourdes Guerrero.<\/span><\/p>\n<p><span style=\"font-weight: 400;\">\u201cUna de las obras m\u00e1s pedidas y solicitadas y por lo que representa para el \u00e1mbito de productividad y conectividad. No solamente de la provincia del Guayas sino del Ecuador\u201d, se\u00f1al\u00f3 Agui\u00f1aga ante m\u00e1s de 300 asistentes.<\/span><\/p>\n<p><span style=\"font-weight: 400;\">El alcalde de Colimes digiri\u00f3 sus palabras para agradecer por las m\u00faltiples obras que han llegado al cant\u00f3n y por el compromiso con la comunidad. \u201cGracias por ese trabajo invaluable, incansable. Por d\u00e9cadas hemos reclamado esta obra. Estamos ante una Prefectura que cumple, que trabaja por su gente\u201d, resalt\u00f3 la autoridad local.<\/span><\/p>\n<p><span style=\"font-weight: 400;\">Como parte de la intervenci\u00f3n de la Instituci\u00f3n Provincial, tambi\u00e9n se dar\u00e1 mantenimiento a los puentes Colimes, Sequelillo, Sequel y Sequel El Lim\u00f3n; as\u00ed como el cambio de alcantarillas y trabajos en drenaje, para evitar que las inundaciones afecten la estructura. \u201cDesde el primer d\u00eda nuestro compromiso ha sido con la ruralidad, que ustedes puedan tener v\u00edas, puentes, canales de calidad. Estamos aqu\u00ed para decirles que la v\u00eda va a comenzar\u201d, enfatiz\u00f3 Agui\u00f1aga, al tiempo de informar que ahora se pasar\u00e1 al proceso de contrataci\u00f3n, previsto para marzo de 2026.<\/span><\/p>\n<p><span style=\"font-weight: 400;\">Esta obra se convierte en una realidad que transformar\u00e1 la vida de m\u00e1s de 36.000 habitantes, garantizar\u00e1 la conectividad, proveer\u00e1 de una infraestructura vial eficiente, contribuir\u00e1 al desarrollo productivo y econ\u00f3mico de la regi\u00f3n. \u201cEs un sue\u00f1o que hemos estado esperando por mucho tiempo\u2026 Hoy nos da la luz y la esperanza de mejores d\u00edas, porque la Prefecta conoce que el punto de partida para el desarrollo de los pueblos son las v\u00edas para sacar nuestra producci\u00f3n\u201d, concluy\u00f3 Amador Ord\u00f3\u00f1ez, usuario de la v\u00eda.<\/span><\/p>\n","protected":false},"excerpt":{"rendered":"<p>Guayaquil.- La Prefecta del Guayas, Marcela Agui\u00f1aga, puso fin a 10 a\u00f1os de espera con el anuncio de la intervenci\u00f3n de la v\u00eda Colimes-Olmedo, que conecta con la provincia de Manab\u00ed. Con una inversi\u00f3n que supera los 27 millones de d\u00f3lares, financiados por el Banco Mundial, que comprende el costo de la obra y la [&hellip;]<\/p>\n","protected":false},"author":2,"featured_media":40134,"comment_status":"open","ping_status":"closed","sticky":false,"template":"","format":"standard","meta":{"_jetpack_memberships_contains_paid_content":false,"footnotes":""},"categories":[13],"tags":[248,1406],"class_list":["post-40133","post","type-post","status-publish","format-standard","has-post-thumbnail","hentry","category-noticias-nacionales","tag-marcela-aguinaga","tag-prefecta-del-guayas"],"jetpack_featured_media_url":"https:\/\/radiocresatelital.com\/wp-content\/uploads\/2025\/10\/WhatsApp-Image-2025-10-24-at-08.47.43.jpeg","jetpack_sharing_enabled":true,"_links":{"self":[{"href":"https:\/\/radiocresatelital.com\/index.php?rest_route=\/wp\/v2\/posts\/40133","targetHints":{"allow":["GET"]}}],"collection":[{"href":"https:\/\/radiocresatelital.com\/index.php?rest_route=\/wp\/v2\/posts"}],"about":[{"href":"https:\/\/radiocresatelital.com\/index.php?rest_route=\/wp\/v2\/types\/post"}],"author":[{"embeddable":true,"href":"https:\/\/radiocresatelital.com\/index.php?rest_route=\/wp\/v2\/users\/2"}],"replies":[{"embeddable":true,"href":"https:\/\/radiocresatelital.com\/index.php?rest_route=%2Fwp%2Fv2%2Fcomments&post=40133"}],"version-history":[{"count":1,"href":"https:\/\/radiocresatelital.com\/index.php?rest_route=\/wp\/v2\/posts\/40133\/revisions"}],"predecessor-version":[{"id":40135,"href":"https:\/\/radiocresatelital.com\/index.php?rest_route=\/wp\/v2\/posts\/40133\/revisions\/40135"}],"wp:featuredmedia":[{"embeddable":true,"href":"https:\/\/radiocresatelital.com\/index.php?rest_route=\/wp\/v2\/media\/40134"}],"wp:attachment":[{"href":"https:\/\/radiocresatelital.com\/index.php?rest_route=%2Fwp%2Fv2%2Fmedia&parent=40133"}],"wp:term":[{"taxonomy":"category","embeddable":true,"href":"https:\/\/radiocresatelital.com\/index.php?rest_route=%2Fwp%2Fv2%2Fcategories&post=40133"},{"taxonomy":"post_tag","embeddable":true,"href":"https:\/\/radiocresatelital.com\/index.php?rest_route=%2Fwp%2Fv2%2Ftags&post=40133"}],"curies":[{"name":"wp","href":"https:\/\/api.w.org\/{rel}","templated":true}]}}