{"id":40130,"date":"2025-10-24T18:19:12","date_gmt":"2025-10-24T18:19:12","guid":{"rendered":"https:\/\/radiocresatelital.com\/?p=40130"},"modified":"2025-10-24T18:19:12","modified_gmt":"2025-10-24T18:19:12","slug":"gobierno-nacional-incorpora-vacuna-tdap-al-esquema-nacional-para-proteger-contra-la-tos-ferina-desde-el-embarazo","status":"publish","type":"post","link":"https:\/\/radiocresatelital.com\/?p=40130","title":{"rendered":"Gobierno Nacional incorpora vacuna Tdap al esquema nacional para proteger contra la tos ferina desde el embarazo"},"content":{"rendered":"<p>Quito.- El Gobierno Nacional, a trav\u00e9s del Ministerio de Salud P\u00fablica (MSP), realiz\u00f3 hoy en Quito la jornada \u00ab\u00a1Protege Su Futuro! Gran Vacunat\u00f3n contra la tos ferina (pertussis)\u00bb, en el emblem\u00e1tico Hospital Gineco Obst\u00e9trico Isidro Ayora (HGOIA), la primera maternidad del pa\u00eds y un establecimiento \u00edcono de la atenci\u00f3n materno neonatal.<\/p>\n<p>Esta ampliaci\u00f3n del Esquema Nacional de Vacunaci\u00f3n permitir\u00e1 proteger a la poblaci\u00f3n contra enfermedades prevenibles. Adem\u00e1s, con estas acciones el pa\u00eds es pionero en la regi\u00f3n al contar con una pol\u00edtica p\u00fablica completa de inmunizaciones. A la fecha, todos los centros de salud cuentan con el stock necesario de dosis para lo cual se ha destinado una inversi\u00f3n de USD 50 millones.<\/p>\n<p>El ministro de Salud P\u00fablica, Jimmy Martin, lider\u00f3 la jornada, destacando los beneficios de la inmunizaci\u00f3n. \u00abHemos dado un paso hist\u00f3rico con la actualizaci\u00f3n del Esquema Nacional, tras 14 a\u00f1os, se ampli\u00f3 la protecci\u00f3n contra enfermedades gracias a vacunas gratuitas y seguras. Hoy anunciamos la inclusi\u00f3n de la vacuna Tdap para embarazadas protegiendo dos vidas por cada dosis: la de la madre y la de su beb\u00e9\u201d.<\/p>\n<p>La Organizaci\u00f3n Panamericana de la Salud (OPS\/OMS) respald\u00f3 la iniciativa, reconociendo el liderazgo del pa\u00eds. Nicol\u00e1s Velarde, Asesor Internacional de Inmunizaciones de la OPS\/OMS en Ecuador, destac\u00f3 la inversi\u00f3n para fortalecer la vacunaci\u00f3n. \u00abLa decisi\u00f3n de poner est\u00e1 vacuna en las mujeres gestantes es el resultado del trabajo de la Comisi\u00f3n Asesora de Pr\u00e1cticas de Inmunizaciones, la determinaci\u00f3n de la Direcci\u00f3n de Inmunizaciones del MSP y la pol\u00edtica del Gobierno por el bienestar de mujeres y ni\u00f1os\u00bb, dijo.<\/p>\n<p>Agreg\u00f3, que \u00abponer est\u00e1 vacuna es asegurar que los m\u00e1s peque\u00f1os no sean v\u00edctimas de la tos ferina que hace algunos meses alert\u00f3 a Ecuador por casos en 2025. La OPS\/OMS puso su grano de arena facilitando las normas t\u00e9cnicas y experiencias internacionales para la adquisici\u00f3n de estas vacunas a trav\u00e9s del Fondo Rotatorio\u00bb. Finaliz\u00f3 se\u00f1alando que, \u00ablas vacunas son un medio seguro y accesible de librarnos de enfermedades, por eso vacunarse genera esperanza y promueve salud\u00bb.<\/p>\n<p>En el mismo evento, Ligia Saltos, Gineco-Obstetra del HGOIA, brind\u00f3 la perspectiva cl\u00ednica. La incorporaci\u00f3n de la Tdap ampl\u00eda el beneficio y es una intervenci\u00f3n esencial en la atenci\u00f3n prenatal, transfiriendo defensa activa al reci\u00e9n nacido desde el vientre materno. \u00abNada protege tanto al beb\u00e9 como la ternura de su madre, al vacunarse en embarazo le das defensas para sus primeros d\u00edas\u00bb.<\/p>\n<p>El impacto de estas medidas fue palpable en la voz de Priscila Ch\u00e1vez Loza, una mujer gestante de 24 semanas de embarazo, residente en Solanda y paciente del HGOIA. \u201cComo madre, mi mayor deseo es que mi beb\u00e9 nazca sano. Conf\u00edo en esta nueva vacuna Tdap. Es una tranquilidad saber que mi beb\u00e9 ya tiene una protecci\u00f3n antes de nacer,\u201d manifest\u00f3.<\/p>\n<p>El ministro Martin concluy\u00f3 invitando a madres, padres y cuidadores a acudir a los centros de salud. Insisti\u00f3 en que la vacuna Tdap durante el embarazo es el mejor escudo protector contra la tos ferina, reduciendo el riesgo de enfermedad grave en el beb\u00e9 hasta en un 90%.<\/p>\n<p>El evento permiti\u00f3 confirmar la invitaci\u00f3n para asegurar un futuro m\u00e1s saludable para la ni\u00f1ez.<\/p>\n<p>El Gobierno Nacional, a trav\u00e9s del Ministerio de Salud P\u00fablica (MSP), realiz\u00f3 hoy en Quito la jornada \u00ab\u00a1Protege Su Futuro! Gran Vacunat\u00f3n contra la tos ferina (pertussis)\u00bb, en el emblem\u00e1tico Hospital Gineco Obst\u00e9trico Isidro Ayora (HGOIA), la primera maternidad del pa\u00eds y un establecimiento \u00edcono de la atenci\u00f3n materno neonatal.<\/p>\n<p>Esta ampliaci\u00f3n del Esquema Nacional de Vacunaci\u00f3n permitir\u00e1 proteger a la poblaci\u00f3n contra enfermedades prevenibles. Adem\u00e1s, con estas acciones el pa\u00eds es pionero en la regi\u00f3n al contar con una pol\u00edtica p\u00fablica completa de inmunizaciones. A la fecha, todos los centros de salud cuentan con el stock necesario de dosis para lo cual se ha destinado una inversi\u00f3n de USD 50 millones.<\/p>\n<p>El ministro de Salud P\u00fablica, Jimmy Martin, lider\u00f3 la jornada, destacando los beneficios de la inmunizaci\u00f3n. \u00abHemos dado un paso hist\u00f3rico con la actualizaci\u00f3n del Esquema Nacional, tras 14 a\u00f1os, se ampli\u00f3 la protecci\u00f3n contra enfermedades gracias a vacunas gratuitas y seguras. Hoy anunciamos la inclusi\u00f3n de la vacuna Tdap para embarazadas protegiendo dos vidas por cada dosis: la de la madre y la de su beb\u00e9\u201d.<\/p>\n<p>La Organizaci\u00f3n Panamericana de la Salud (OPS\/OMS) respald\u00f3 la iniciativa, reconociendo el liderazgo del pa\u00eds. Nicol\u00e1s Velarde, Asesor Internacional de Inmunizaciones de la OPS\/OMS en Ecuador, destac\u00f3 la inversi\u00f3n para fortalecer la vacunaci\u00f3n. \u00abLa decisi\u00f3n de poner est\u00e1 vacuna en las mujeres gestantes es el resultado del trabajo de la Comisi\u00f3n Asesora de Pr\u00e1cticas de Inmunizaciones, la determinaci\u00f3n de la Direcci\u00f3n de Inmunizaciones del MSP y la pol\u00edtica del Gobierno por el bienestar de mujeres y ni\u00f1os\u00bb, dijo.<\/p>\n<p>Agreg\u00f3, que \u00abponer est\u00e1 vacuna es asegurar que los m\u00e1s peque\u00f1os no sean v\u00edctimas de la tos ferina que hace algunos meses alert\u00f3 a Ecuador por casos en 2025. La OPS\/OMS puso su grano de arena facilitando las normas t\u00e9cnicas y experiencias internacionales para la adquisici\u00f3n de estas vacunas a trav\u00e9s del Fondo Rotatorio\u00bb. Finaliz\u00f3 se\u00f1alando que, \u00ablas vacunas son un medio seguro y accesible de librarnos de enfermedades, por eso vacunarse genera esperanza y promueve salud\u00bb.<\/p>\n<p>En el mismo evento, Ligia Saltos, Gineco-Obstetra del HGOIA, brind\u00f3 la perspectiva cl\u00ednica. La incorporaci\u00f3n de la Tdap ampl\u00eda el beneficio y es una intervenci\u00f3n esencial en la atenci\u00f3n prenatal, transfiriendo defensa activa al reci\u00e9n nacido desde el vientre materno. \u00abNada protege tanto al beb\u00e9 como la ternura de su madre, al vacunarse en embarazo le das defensas para sus primeros d\u00edas\u00bb.<\/p>\n<p>El impacto de estas medidas fue palpable en la voz de Priscila Ch\u00e1vez Loza, una mujer gestante de 24 semanas de embarazo, residente en Solanda y paciente del HGOIA. \u201cComo madre, mi mayor deseo es que mi beb\u00e9 nazca sano. Conf\u00edo en esta nueva vacuna Tdap. Es una tranquilidad saber que mi beb\u00e9 ya tiene una protecci\u00f3n antes de nacer,\u201d manifest\u00f3.<\/p>\n<p>El ministro Martin concluy\u00f3 invitando a madres, padres y cuidadores a acudir a los centros de salud. Insisti\u00f3 en que la vacuna Tdap durante el embarazo es el mejor escudo protector contra la tos ferina, reduciendo el riesgo de enfermedad grave en el beb\u00e9 hasta en un 90%.<\/p>\n<p>El evento permiti\u00f3 confirmar la invitaci\u00f3n para asegurar un futuro m\u00e1s saludable para la ni\u00f1ez.<\/p>\n","protected":false},"excerpt":{"rendered":"<p>Quito.- El Gobierno Nacional, a trav\u00e9s del Ministerio de Salud P\u00fablica (MSP), realiz\u00f3 hoy en Quito la jornada \u00ab\u00a1Protege Su Futuro! Gran Vacunat\u00f3n contra la tos ferina (pertussis)\u00bb, en el emblem\u00e1tico Hospital Gineco Obst\u00e9trico Isidro Ayora (HGOIA), la primera maternidad del pa\u00eds y un establecimiento \u00edcono de la atenci\u00f3n materno neonatal. Esta ampliaci\u00f3n del Esquema [&hellip;]<\/p>\n","protected":false},"author":2,"featured_media":40131,"comment_status":"open","ping_status":"closed","sticky":false,"template":"","format":"standard","meta":{"_jetpack_memberships_contains_paid_content":false,"footnotes":""},"categories":[13],"tags":[148],"class_list":["post-40130","post","type-post","status-publish","format-standard","has-post-thumbnail","hentry","category-noticias-nacionales","tag-ministerio-de-salud-publica"],"jetpack_featured_media_url":"https:\/\/radiocresatelital.com\/wp-content\/uploads\/2025\/10\/IMG-20251024-WA0066.jpg","jetpack_sharing_enabled":true,"_links":{"self":[{"href":"https:\/\/radiocresatelital.com\/index.php?rest_route=\/wp\/v2\/posts\/40130","targetHints":{"allow":["GET"]}}],"collection":[{"href":"https:\/\/radiocresatelital.com\/index.php?rest_route=\/wp\/v2\/posts"}],"about":[{"href":"https:\/\/radiocresatelital.com\/index.php?rest_route=\/wp\/v2\/types\/post"}],"author":[{"embeddable":true,"href":"https:\/\/radiocresatelital.com\/index.php?rest_route=\/wp\/v2\/users\/2"}],"replies":[{"embeddable":true,"href":"https:\/\/radiocresatelital.com\/index.php?rest_route=%2Fwp%2Fv2%2Fcomments&post=40130"}],"version-history":[{"count":1,"href":"https:\/\/radiocresatelital.com\/index.php?rest_route=\/wp\/v2\/posts\/40130\/revisions"}],"predecessor-version":[{"id":40132,"href":"https:\/\/radiocresatelital.com\/index.php?rest_route=\/wp\/v2\/posts\/40130\/revisions\/40132"}],"wp:featuredmedia":[{"embeddable":true,"href":"https:\/\/radiocresatelital.com\/index.php?rest_route=\/wp\/v2\/media\/40131"}],"wp:attachment":[{"href":"https:\/\/radiocresatelital.com\/index.php?rest_route=%2Fwp%2Fv2%2Fmedia&parent=40130"}],"wp:term":[{"taxonomy":"category","embeddable":true,"href":"https:\/\/radiocresatelital.com\/index.php?rest_route=%2Fwp%2Fv2%2Fcategories&post=40130"},{"taxonomy":"post_tag","embeddable":true,"href":"https:\/\/radiocresatelital.com\/index.php?rest_route=%2Fwp%2Fv2%2Ftags&post=40130"}],"curies":[{"name":"wp","href":"https:\/\/api.w.org\/{rel}","templated":true}]}}