{"id":40124,"date":"2025-10-24T02:04:41","date_gmt":"2025-10-24T02:04:41","guid":{"rendered":"https:\/\/radiocresatelital.com\/?p=40124"},"modified":"2025-10-24T02:04:41","modified_gmt":"2025-10-24T02:04:41","slug":"presidente-daniel-noboa-destaco-la-estabilidad-y-crecimiento-economico-pese-a-31-dias-de-paro-focalizado","status":"publish","type":"post","link":"https:\/\/radiocresatelital.com\/?p=40124","title":{"rendered":"Presidente Daniel Noboa destac\u00f3 la estabilidad y crecimiento econ\u00f3mico pese a 31 d\u00edas de paro focalizado"},"content":{"rendered":"<p>Latacunga. &#8211; El Presidente de la Rep\u00fablica, Daniel Noboa Azin, expres\u00f3 que la respuesta del Gobierno Nacional frente a las movilizaciones focalizadas, que culminaron tras 31 d\u00edas, \u201cfue un \u00e9xito\u201d. En una entrevista concedida a Fernando del Rinc\u00f3n, para CNN, la noche de este 23 de octubre de 2025, el Mandatario asegur\u00f3 que las acciones ejecutadas protegieron a Quito de la violencia, garantizaron la continuidad del desarrollo econ\u00f3mico y fortalecieron el apoyo productivo a los pueblos ind\u00edgenas.<\/p>\n<p>\u201cOficialmente se acab\u00f3 el paro que dur\u00f3 31 d\u00edas pero fue algo focalizado. No par\u00f3 al pa\u00eds, sino que tuvimos r\u00e9cord en ventas en los \u00faltimos meses. En septiembre, hubo un crecimiento del 13.2 % frente a septiembre del a\u00f1o pasado, empujado por las provincias mayoritariamente ind\u00edgenas\u201d dijo el Mandatario desde Latacunga.<\/p>\n<p>Agreg\u00f3 que, al trasladar la sede del gobierno a Cotopaxi se mantuvo contacto directo con los movimientos ind\u00edgenas para informarles que los recursos que usaban para el subsidio al di\u00e9sel ahora financiaban incentivos, compensaciones, insumos t\u00e9cnicos y agr\u00edcolas. \u201cNosotros no hemos ido a buscar el problema, hemos llevado la<br \/>\nsoluci\u00f3n hacia las personas\u201d, dijo. Esto permiti\u00f3 que las movilizaciones registradas en Imbabura, el sur del Carchi y el norte de Pichincha no interrumpieran el desarrollo del comercio nacional.<\/p>\n<p><strong>Proyecciones del costo del di\u00e9sel<\/strong><br \/>\nRespecto al costo del di\u00e9sel, detall\u00f3 que, se puede proyectar el cambio de precio de este combustible dentro del sistema de bandas implementado en el pa\u00eds. Es decir, pese a que el precio del petr\u00f3leo se mantiene en niveles bajos, para el 15 de diciembre pr\u00f3ximo el gal\u00f3n de di\u00e9sel costar\u00e1 USD 2,78 y para el 15 de febrero de 2026, USD 2,70.<\/p>\n<p>Esta realidad se contrapone a las narrativas de la oposici\u00f3n, que intentaron posicionar que el valor del combustible se disparar\u00eda hasta los USD 4 por gal\u00f3n, dijo Noboa.<\/p>\n<p>El Presidente agreg\u00f3 que el apoyo popular a su pol\u00edtica econ\u00f3mica es la que prevalece, por lo que no retroceder\u00e1 con la medida adoptada: \u201cNo podemos echar abajo el trabajo que, a base de violencia, algunos grupos han exigido. La lucha por la gente se convirti\u00f3 en algo pol\u00edtico (\u2026). Hab\u00eda un tinte pol\u00edtico en esto y nosotros ignoramos esa pelea y seguimos asistiendo a las personas\u201d, expres\u00f3.<\/p>\n<p><strong>Operativos en contra de la miner\u00eda ilegal en Buenos Aires<\/strong><br \/>\nMientras el Gobierno Nacional neutralizaba la movilizaci\u00f3n focalizada en Imbabura, el Bloque de Seguridad ejecutaba operativos militares en Buenos Aires (cant\u00f3n Urcuqu\u00ed), lugar en el que predomina la miner\u00eda ilegal.<\/p>\n<p>El presidente Noboa inform\u00f3 a CNN que durante los bombardeos a las bocaminas aprehendieron a ocho ciudadanos, entre ellos colombianos, miembros de los Comandos de la Frontera, del Frente Oliver Sinisterra y de otros grupos delincuenciales que en su poder ten\u00edan explosivos y armas de grueso calibre.<\/p>\n<p>Indic\u00f3 que la lucha contra la miner\u00eda ilegal es clave para atacar a las estructuras narcodelictivas que usan a esta actividad extractiva para el lavado de dinero. Todos los operativos a manos de las Fuerzas Armadas (FF.AA.) detallan los procedimientos y protocolos respectivos. Sobre las personas detenidas, mencion\u00f3 que \u201cser\u00e1n procesadas en Ecuador por miner\u00eda ilegal, terrorismo, adem\u00e1s de que agredieron a militares\u201d.<\/p>\n<p><strong>Atentados contra el Presidente en investigaci\u00f3n previa<\/strong><br \/>\nEl presidente de la Rep\u00fablica aclar\u00f3 lo ocurrido durante el ataque a la caravana presidencial en la provincia de Ca\u00f1ar, donde se registraron distorsiones en la versi\u00f3n de los hechos. La comitiva se dirig\u00eda a un evento oficial para inaugurar una obra de tratamiento de agua destinada a beneficiar a la poblaci\u00f3n local, cuando fue agredida con cohetes caseros y piedras lanzadas directamente al veh\u00edculo presidencial, en un intento por impedir la realizaci\u00f3n del acto. El Jefe de Estado asegur\u00f3 que a\u00fan \u201chay una investigaci\u00f3n previa y continuar\u00e1 el procedimiento legal dentro del Estado de<br \/>\nderecho\u201d.<\/p>\n<p>De igual manera, rechaz\u00f3 el ataque al convoy militar que llevaba ayuda humanitaria hacia Otavalo. Adem\u00e1s, se refiri\u00f3 al posible intento de envenenamiento, al confirmar que informes de inteligencia identificaron tres qu\u00edmicos perjudiciales en productos que fueron entregados como obsequio al presidente: \u201cEs imposible que haya sido accidental o que los qu\u00edmicos hayan estado en un solo empaque. La Casa Militar hizo la denuncia penal y presentamos las pruebas\u201d, sostuvo.<\/p>\n<p><strong>Gobierno propone una nueva Constituci\u00f3n<\/strong><br \/>\nEl pr\u00f3ximo 16 de noviembre, las y los ecuatorianos nuevamente ir\u00e1n a las urnas para una Consulta Popular y Refer\u00e9ndum. El presidente Noboa se\u00f1al\u00f3 que la ciudadan\u00eda quiere cambios reales, una nueva Carta Magna acorde a la realidad que vive el pa\u00eds: \u201cQuieren que su voluntad sea respetada desde el tema de las bases militares, con la reducci\u00f3n de asamble\u00edstas a 73 o de que el Estado deje de financiar a partidos pol\u00edticos. La mayor\u00eda est\u00e1 a favor de una Asamblea Constituyente, porque la actual Constituci\u00f3n ha da\u00f1ado en extremo el garantismo para los criminales\u201d, dijo. A su vez, \u00e9l conf\u00eda en que el electorado apoyar\u00e1 su propuesta.<\/p>\n<p>Al finalizar la entrevista en CNN, el Primer Mandatario asegur\u00f3 que su proyecto pol\u00edtico es social dem\u00f3crata moderada, hacia el centro, pese a que sus detractores tratan de se\u00f1alarlo de extrema derecha: \u201cRedujimos la pobreza al 24 % desde el 2018; hay mayor empleo adecuado, en el que Cotopaxi predomina con los mejores indicadores\u201d. Es un proyecto bastante diverso y de consenso nacional, porque ganamos en 19 de 24 provincias en las \u00faltimas elecciones indic\u00f3.<\/p>\n","protected":false},"excerpt":{"rendered":"<p>Latacunga. &#8211; El Presidente de la Rep\u00fablica, Daniel Noboa Azin, expres\u00f3 que la respuesta del Gobierno Nacional frente a las movilizaciones focalizadas, que culminaron tras 31 d\u00edas, \u201cfue un \u00e9xito\u201d. En una entrevista concedida a Fernando del Rinc\u00f3n, para CNN, la noche de este 23 de octubre de 2025, el Mandatario asegur\u00f3 que las acciones [&hellip;]<\/p>\n","protected":false},"author":2,"featured_media":12478,"comment_status":"open","ping_status":"closed","sticky":false,"template":"","format":"standard","meta":{"_jetpack_memberships_contains_paid_content":false,"footnotes":""},"categories":[13],"tags":[1322],"class_list":["post-40124","post","type-post","status-publish","format-standard","has-post-thumbnail","hentry","category-noticias-nacionales","tag-presidente-daniel-noboa"],"jetpack_featured_media_url":"https:\/\/radiocresatelital.com\/wp-content\/uploads\/2024\/03\/presidente-de-ecuador-daniel-noboa-15532.jpg","jetpack_sharing_enabled":true,"_links":{"self":[{"href":"https:\/\/radiocresatelital.com\/index.php?rest_route=\/wp\/v2\/posts\/40124","targetHints":{"allow":["GET"]}}],"collection":[{"href":"https:\/\/radiocresatelital.com\/index.php?rest_route=\/wp\/v2\/posts"}],"about":[{"href":"https:\/\/radiocresatelital.com\/index.php?rest_route=\/wp\/v2\/types\/post"}],"author":[{"embeddable":true,"href":"https:\/\/radiocresatelital.com\/index.php?rest_route=\/wp\/v2\/users\/2"}],"replies":[{"embeddable":true,"href":"https:\/\/radiocresatelital.com\/index.php?rest_route=%2Fwp%2Fv2%2Fcomments&post=40124"}],"version-history":[{"count":1,"href":"https:\/\/radiocresatelital.com\/index.php?rest_route=\/wp\/v2\/posts\/40124\/revisions"}],"predecessor-version":[{"id":40125,"href":"https:\/\/radiocresatelital.com\/index.php?rest_route=\/wp\/v2\/posts\/40124\/revisions\/40125"}],"wp:featuredmedia":[{"embeddable":true,"href":"https:\/\/radiocresatelital.com\/index.php?rest_route=\/wp\/v2\/media\/12478"}],"wp:attachment":[{"href":"https:\/\/radiocresatelital.com\/index.php?rest_route=%2Fwp%2Fv2%2Fmedia&parent=40124"}],"wp:term":[{"taxonomy":"category","embeddable":true,"href":"https:\/\/radiocresatelital.com\/index.php?rest_route=%2Fwp%2Fv2%2Fcategories&post=40124"},{"taxonomy":"post_tag","embeddable":true,"href":"https:\/\/radiocresatelital.com\/index.php?rest_route=%2Fwp%2Fv2%2Ftags&post=40124"}],"curies":[{"name":"wp","href":"https:\/\/api.w.org\/{rel}","templated":true}]}}