{"id":40096,"date":"2025-10-23T17:59:40","date_gmt":"2025-10-23T17:59:40","guid":{"rendered":"https:\/\/radiocresatelital.com\/?p=40096"},"modified":"2025-10-23T21:01:00","modified_gmt":"2025-10-23T21:01:00","slug":"solarteam-realiza-retiro-corporativo-con-enfoque-en-bienestar-y-conexion-humana","status":"publish","type":"post","link":"https:\/\/radiocresatelital.com\/?p=40096","title":{"rendered":"SolarTeam realiza retiro corporativo con enfoque en bienestar y conexi\u00f3n humana"},"content":{"rendered":"<p>Quito.- SolarTeam, empresa que impulsa la transici\u00f3n hacia una energ\u00eda m\u00e1s sostenible en Ecuador, realiz\u00f3 su retiro anual corporativo, el Annual Meeting \u2013 SolarTeam, durante dos d\u00edas de actividades fuera de oficina. Esta iniciativa busca reforzar el trabajo en equipo, motivar al personal y alinear los objetivos institucionales para el nuevo a\u00f1o, en un ambiente que promueve el bienestar y la conexi\u00f3n humana.<\/p>\n<p>El evento inici\u00f3 en Arrayanes Club, en Quito, con la participaci\u00f3n de todos los colaboradores de las \u00e1reas t\u00e9cnica, comercial, marketing, financiera y gerencial. La jornada incluy\u00f3 una charla motivacional del reconocido monta\u00f1ista Iv\u00e1n Vallejo y la intervenci\u00f3n de Sebasti\u00e1n Padilla, Gerente Financiero, sobre el desempe\u00f1o anual.<\/p>\n<p>\u201cEste retiro es mucho m\u00e1s que un cierre de a\u00f1o; es un momento para mirar lo que hemos construido juntos, recordarnos por qu\u00e9 hacemos lo que hacemos y conectarnos desde lo humano. No solo somos resultados, somos un equipo que quiere transformar la manera de consumir energ\u00eda en Ecuador\u201d, expres\u00f3 Pablo L\u00f3pez, CEO de SolarTeam.<\/p>\n<p>La jornada culmin\u00f3 con un almuerzo corporativo y una noche de integraci\u00f3n en Otavalo, alrededor de una fogata.El segundo d\u00eda, el equipo ascendi\u00f3 al volc\u00e1n Fuya Fuya, reforzando la idea de que el crecimiento colectivo tambi\u00e9n se construye fuera de la oficina, desde el esfuerzo compartido y la conexi\u00f3n con la naturaleza.<\/p>\n<p>SolarTeam contin\u00faa apostando por la uni\u00f3n y el bienestar de su equipo como base para alcanzar sus metas de sostenibilidad y liderazgo en el sector energ\u00e9tico. Con este tipo de actividades, la empresa refuerza su compromiso de transformar la industria de la energ\u00eda en Ecuador, promoviendo no solo la innovaci\u00f3n tecnol\u00f3gica, sino tambi\u00e9n una cultura organizacional s\u00f3lida y conectada con su prop\u00f3sito.<\/p>\n","protected":false},"excerpt":{"rendered":"<p>Quito.- SolarTeam, empresa que impulsa la transici\u00f3n hacia una energ\u00eda m\u00e1s sostenible en Ecuador, realiz\u00f3 su retiro anual corporativo, el Annual Meeting \u2013 SolarTeam, durante dos d\u00edas de actividades fuera de oficina. Esta iniciativa busca reforzar el trabajo en equipo, motivar al personal y alinear los objetivos institucionales para el nuevo a\u00f1o, en un ambiente [&hellip;]<\/p>\n","protected":false},"author":2,"featured_media":0,"comment_status":"open","ping_status":"closed","sticky":false,"template":"","format":"standard","meta":{"_jetpack_memberships_contains_paid_content":false,"footnotes":""},"categories":[13],"tags":[5995],"class_list":["post-40096","post","type-post","status-publish","format-standard","hentry","category-noticias-nacionales","tag-solarteam"],"jetpack_featured_media_url":"","jetpack_sharing_enabled":true,"_links":{"self":[{"href":"https:\/\/radiocresatelital.com\/index.php?rest_route=\/wp\/v2\/posts\/40096","targetHints":{"allow":["GET"]}}],"collection":[{"href":"https:\/\/radiocresatelital.com\/index.php?rest_route=\/wp\/v2\/posts"}],"about":[{"href":"https:\/\/radiocresatelital.com\/index.php?rest_route=\/wp\/v2\/types\/post"}],"author":[{"embeddable":true,"href":"https:\/\/radiocresatelital.com\/index.php?rest_route=\/wp\/v2\/users\/2"}],"replies":[{"embeddable":true,"href":"https:\/\/radiocresatelital.com\/index.php?rest_route=%2Fwp%2Fv2%2Fcomments&post=40096"}],"version-history":[{"count":1,"href":"https:\/\/radiocresatelital.com\/index.php?rest_route=\/wp\/v2\/posts\/40096\/revisions"}],"predecessor-version":[{"id":40098,"href":"https:\/\/radiocresatelital.com\/index.php?rest_route=\/wp\/v2\/posts\/40096\/revisions\/40098"}],"wp:attachment":[{"href":"https:\/\/radiocresatelital.com\/index.php?rest_route=%2Fwp%2Fv2%2Fmedia&parent=40096"}],"wp:term":[{"taxonomy":"category","embeddable":true,"href":"https:\/\/radiocresatelital.com\/index.php?rest_route=%2Fwp%2Fv2%2Fcategories&post=40096"},{"taxonomy":"post_tag","embeddable":true,"href":"https:\/\/radiocresatelital.com\/index.php?rest_route=%2Fwp%2Fv2%2Ftags&post=40096"}],"curies":[{"name":"wp","href":"https:\/\/api.w.org\/{rel}","templated":true}]}}