{"id":40093,"date":"2025-10-23T17:56:06","date_gmt":"2025-10-23T17:56:06","guid":{"rendered":"https:\/\/radiocresatelital.com\/?p=40093"},"modified":"2025-10-23T20:58:19","modified_gmt":"2025-10-23T20:58:19","slug":"roche-press-day-2025-destaca-la-descentralizacion-como-estrategia-para-el-desarrollo-del-sistema-de-salud-de-america-latina","status":"publish","type":"post","link":"https:\/\/radiocresatelital.com\/?p=40093","title":{"rendered":"Roche Press Day 2025 destaca la descentralizaci\u00f3n como estrategia para el desarrollo del sistema de salud de Am\u00e9rica Latina"},"content":{"rendered":"<p>Quito. \u2013 En su 14\u00aa edici\u00f3n, el Roche Press Day 2025 volvi\u00f3 a consolidarse como el foro de comunicaci\u00f3n en salud m\u00e1s influyente de Am\u00e9rica Latina. Bajo el lema #TodosSumamos, el encuentro reuni\u00f3 a m\u00e1s de 150 periodistas, expertos y l\u00edderes de opini\u00f3n de toda la regi\u00f3n para reflexionar sobre c\u00f3mo acercar la innovaci\u00f3n m\u00e9dica a las comunidades que m\u00e1s la necesitan.<\/p>\n<p>Este a\u00f1o, la conversaci\u00f3n gir\u00f3 en torno a tres ejes fundamentales: la descentralizaci\u00f3n de la atenci\u00f3n, la salud como inversi\u00f3n y el valor social de la innovaci\u00f3n, todos orientados a repensar la forma en que los sistemas sanitarios pueden volverse m\u00e1s equitativos, sostenibles y cercanos a las personas.<\/p>\n<p>A lo largo de dos jornadas, los paneles abordaron los desaf\u00edos de los sistemas de salud de Am\u00e9rica Latina, hist\u00f3ricamente concentrados en grandes centros urbanos, y la necesidad de construir modelos m\u00e1s inclusivos y preventivos que integren tecnolog\u00eda, evidencia cient\u00edfica y alianzas estrat\u00e9gicas.<\/p>\n<p>El mensaje fue claro: invertir en salud no debe entenderse como un gasto, sino como una oportunidad para mejorar la productividad, reducir las desigualdades y fortalecer la resiliencia econ\u00f3mica y social de los pa\u00edses.<\/p>\n<p>El foro cont\u00f3 con la participaci\u00f3n de figuras destacadas del \u00e1mbito ecuatoriano, como el Dr. Esteban Ortiz, m\u00e9dico investigador, y el ex viceministro de Finanzas Daniel Falcon\u00ed, quienes coincidieron en la necesidad de ver la salud como una inversi\u00f3n estrat\u00e9gica y no como un gasto.<\/p>\n<p>\u201cDurante estos d\u00edas hemos hablado de gesti\u00f3n, financiamiento e inequidad, y creo firmemente que el c\u00f3digo postal no puede definir la salud de una persona. Reducir las distancias es abrir oportunidades: cuando acercamos la atenci\u00f3n m\u00e9dica, impulsamos el desarrollo y fortalecemos las econom\u00edas locales. Menos tiempo de espera significa m\u00e1s vida para los pacientes\u201d, se\u00f1al\u00f3 el Dr. Ortiz. Esta reflexi\u00f3n resulta especialmente relevante en una regi\u00f3n donde el gasto en salud representa apenas el 3,7% del PIB, por debajo del 6% recomendado por la Organizaci\u00f3n Panamericana de la Salud (OPS, 2023).<\/p>\n","protected":false},"excerpt":{"rendered":"<p>Quito. \u2013 En su 14\u00aa edici\u00f3n, el Roche Press Day 2025 volvi\u00f3 a consolidarse como el foro de comunicaci\u00f3n en salud m\u00e1s influyente de Am\u00e9rica Latina. Bajo el lema #TodosSumamos, el encuentro reuni\u00f3 a m\u00e1s de 150 periodistas, expertos y l\u00edderes de opini\u00f3n de toda la regi\u00f3n para reflexionar sobre c\u00f3mo acercar la innovaci\u00f3n m\u00e9dica [&hellip;]<\/p>\n","protected":false},"author":2,"featured_media":40094,"comment_status":"open","ping_status":"closed","sticky":false,"template":"","format":"standard","meta":{"_jetpack_memberships_contains_paid_content":false,"footnotes":""},"categories":[13],"tags":[6377],"class_list":["post-40093","post","type-post","status-publish","format-standard","has-post-thumbnail","hentry","category-noticias-nacionales","tag-roche-press-day-2025"],"jetpack_featured_media_url":"https:\/\/radiocresatelital.com\/wp-content\/uploads\/2025\/10\/WhatsApp-Image-2025-10-23-at-08.32.18.jpeg","jetpack_sharing_enabled":true,"_links":{"self":[{"href":"https:\/\/radiocresatelital.com\/index.php?rest_route=\/wp\/v2\/posts\/40093","targetHints":{"allow":["GET"]}}],"collection":[{"href":"https:\/\/radiocresatelital.com\/index.php?rest_route=\/wp\/v2\/posts"}],"about":[{"href":"https:\/\/radiocresatelital.com\/index.php?rest_route=\/wp\/v2\/types\/post"}],"author":[{"embeddable":true,"href":"https:\/\/radiocresatelital.com\/index.php?rest_route=\/wp\/v2\/users\/2"}],"replies":[{"embeddable":true,"href":"https:\/\/radiocresatelital.com\/index.php?rest_route=%2Fwp%2Fv2%2Fcomments&post=40093"}],"version-history":[{"count":1,"href":"https:\/\/radiocresatelital.com\/index.php?rest_route=\/wp\/v2\/posts\/40093\/revisions"}],"predecessor-version":[{"id":40095,"href":"https:\/\/radiocresatelital.com\/index.php?rest_route=\/wp\/v2\/posts\/40093\/revisions\/40095"}],"wp:featuredmedia":[{"embeddable":true,"href":"https:\/\/radiocresatelital.com\/index.php?rest_route=\/wp\/v2\/media\/40094"}],"wp:attachment":[{"href":"https:\/\/radiocresatelital.com\/index.php?rest_route=%2Fwp%2Fv2%2Fmedia&parent=40093"}],"wp:term":[{"taxonomy":"category","embeddable":true,"href":"https:\/\/radiocresatelital.com\/index.php?rest_route=%2Fwp%2Fv2%2Fcategories&post=40093"},{"taxonomy":"post_tag","embeddable":true,"href":"https:\/\/radiocresatelital.com\/index.php?rest_route=%2Fwp%2Fv2%2Ftags&post=40093"}],"curies":[{"name":"wp","href":"https:\/\/api.w.org\/{rel}","templated":true}]}}