{"id":40090,"date":"2025-10-23T20:54:55","date_gmt":"2025-10-23T20:54:55","guid":{"rendered":"https:\/\/radiocresatelital.com\/?p=40090"},"modified":"2025-10-23T20:54:55","modified_gmt":"2025-10-23T20:54:55","slug":"prefecta-marcela-aguinaga-en-segundo-congreso-de-manglares-necesitamos-fortalecer-el-aspecto-comunitario-de-cangrejeros-ellos-tambien-son-presas-de-la-violencia-y-son-vacunados-todo","status":"publish","type":"post","link":"https:\/\/radiocresatelital.com\/?p=40090","title":{"rendered":"Prefecta Marcela Agui\u00f1aga en Segundo Congreso de Manglares: \u201cNecesitamos fortalecer el aspecto comunitario de cangrejeros\u2026 ellos tambi\u00e9n son presas de la violencia y son vacunados todos los d\u00edas\u201d"},"content":{"rendered":"<p><span style=\"font-weight: 400;\">Guayaquil.- La Prefecta del Guayas, Marcela Agui\u00f1aga se refiri\u00f3 a temas que defini\u00f3 como \u201cinc\u00f3modos\u201d y que van m\u00e1s all\u00e1 del solo hecho de la siembra y conservaci\u00f3n, durante su ponencia en el Segundo Congreso Ecuatoriano de Manglares desarrollado en la Universidad del Pac\u00edfico, en Guayaquil. El evento que se desarrolla hasta el 24 de octubre, re\u00fane a especialistas de la academia, la empresa privada y el sector p\u00fablico, con la finalidad de consolidar esfuerzos y difundir las mejores pr\u00e1cticas en la recuperaci\u00f3n de ecosistemas costeros.<\/span><\/p>\n<p><span style=\"font-weight: 400;\">\u201cHay cosas que nuestros peque\u00f1os cangrejeros y concheros no dicen, pero viven d\u00eda a d\u00eda: ellos tambi\u00e9n son presas de la violencia\u201d, dijo la ejecutiva guayasense. Por ello, \u201cante las circunstancias tan graves que vive el pa\u00eds\u201d, hizo un llamado para fortalecer aspectos comunitarios en \u00e1reas como la sostenibilidad, el turismo sustentable, el fortalecimiento de capacidades locales, y \u201cproteger su entorno de la violencia que hoy est\u00e1 arraigada en el pa\u00eds\u201d.<\/span><\/p>\n<p><span style=\"font-weight: 400;\">\u201cLos invito a que no nos quedemos solo en los temas ambientales, sino en los temas socioambientales. Nuestros peque\u00f1os cangrejeros no tienen respaldo log\u00edstico alguno. Su operaci\u00f3n se encarece con el aumento del precio del combustible, sin duda alguna, pero tambi\u00e9n son presa de los vacunadores\u2026 son vacunados todos los d\u00edas, para poder llegar con sus cangrejos a venderlos en la Caraguay\u201d, indic\u00f3 la prefecta Agui\u00f1aga.<\/span><\/p>\n<p><span style=\"font-weight: 400;\">La ejecutiva guayasense tambi\u00e9n mencion\u00f3 el convenio que la Prefectura del Guayas tiene con la Universidad de Especialidades Esp\u00edritu Santo (UEES) para la siembra de 60.000 prop\u00e1gulos de mangle rojo en 20 hect\u00e1reas de Balao y 10 de Naranjal. \u201cReforestar manglar, para nosotros, no es solamente una acci\u00f3n ambiental, es una declaraci\u00f3n pol\u00edtica y humana. Es tambi\u00e9n saber que el desarrollo va de la mano de la naturaleza y en especial va de la mano de la gente\u201d, agreg\u00f3.<\/span><\/p>\n<p><span style=\"font-weight: 400;\">Finalmente, la m\u00e1xima autoridad en Guayas hizo un llamado a sembrar el manglar, como sin\u00f3nimo de esperanza. \u201cNos permite construir una sociedad para darle dignidad a los cangrejeros y pescadores\u201d, agreg\u00f3.\u00a0<\/span><\/p>\n","protected":false},"excerpt":{"rendered":"<p>Guayaquil.- La Prefecta del Guayas, Marcela Agui\u00f1aga se refiri\u00f3 a temas que defini\u00f3 como \u201cinc\u00f3modos\u201d y que van m\u00e1s all\u00e1 del solo hecho de la siembra y conservaci\u00f3n, durante su ponencia en el Segundo Congreso Ecuatoriano de Manglares desarrollado en la Universidad del Pac\u00edfico, en Guayaquil. El evento que se desarrolla hasta el 24 de [&hellip;]<\/p>\n","protected":false},"author":2,"featured_media":40091,"comment_status":"open","ping_status":"closed","sticky":false,"template":"","format":"standard","meta":{"_jetpack_memberships_contains_paid_content":false,"footnotes":""},"categories":[33,13],"tags":[248,1406],"class_list":["post-40090","post","type-post","status-publish","format-standard","has-post-thumbnail","hentry","category-guayaquil","category-noticias-nacionales","tag-marcela-aguinaga","tag-prefecta-del-guayas"],"jetpack_featured_media_url":"https:\/\/radiocresatelital.com\/wp-content\/uploads\/2025\/10\/WhatsApp-Image-2025-10-23-at-15.23.01.jpeg","jetpack_sharing_enabled":true,"_links":{"self":[{"href":"https:\/\/radiocresatelital.com\/index.php?rest_route=\/wp\/v2\/posts\/40090","targetHints":{"allow":["GET"]}}],"collection":[{"href":"https:\/\/radiocresatelital.com\/index.php?rest_route=\/wp\/v2\/posts"}],"about":[{"href":"https:\/\/radiocresatelital.com\/index.php?rest_route=\/wp\/v2\/types\/post"}],"author":[{"embeddable":true,"href":"https:\/\/radiocresatelital.com\/index.php?rest_route=\/wp\/v2\/users\/2"}],"replies":[{"embeddable":true,"href":"https:\/\/radiocresatelital.com\/index.php?rest_route=%2Fwp%2Fv2%2Fcomments&post=40090"}],"version-history":[{"count":1,"href":"https:\/\/radiocresatelital.com\/index.php?rest_route=\/wp\/v2\/posts\/40090\/revisions"}],"predecessor-version":[{"id":40092,"href":"https:\/\/radiocresatelital.com\/index.php?rest_route=\/wp\/v2\/posts\/40090\/revisions\/40092"}],"wp:featuredmedia":[{"embeddable":true,"href":"https:\/\/radiocresatelital.com\/index.php?rest_route=\/wp\/v2\/media\/40091"}],"wp:attachment":[{"href":"https:\/\/radiocresatelital.com\/index.php?rest_route=%2Fwp%2Fv2%2Fmedia&parent=40090"}],"wp:term":[{"taxonomy":"category","embeddable":true,"href":"https:\/\/radiocresatelital.com\/index.php?rest_route=%2Fwp%2Fv2%2Fcategories&post=40090"},{"taxonomy":"post_tag","embeddable":true,"href":"https:\/\/radiocresatelital.com\/index.php?rest_route=%2Fwp%2Fv2%2Ftags&post=40090"}],"curies":[{"name":"wp","href":"https:\/\/api.w.org\/{rel}","templated":true}]}}