{"id":40081,"date":"2025-10-23T20:44:42","date_gmt":"2025-10-23T20:44:42","guid":{"rendered":"https:\/\/radiocresatelital.com\/?p=40081"},"modified":"2025-10-23T20:44:42","modified_gmt":"2025-10-23T20:44:42","slug":"pleno-aprueba-sexta-ley-economica-urgente-para-el-fortalecimiento-de-las-fuerzas-armadas-y-policia-nacional","status":"publish","type":"post","link":"https:\/\/radiocresatelital.com\/?p=40081","title":{"rendered":"Pleno aprueba sexta ley econ\u00f3mica urgente para el Fortalecimiento de las Fuerzas Armadas y Polic\u00eda Nacional"},"content":{"rendered":"<p>Quito.- Con 82 votos afirmativos, el Pleno de la Asamblea Nacional aprob\u00f3 en segundo debate el proyecto de Ley para el Fortalecimiento de las Fuerzas Armadas y Polic\u00eda Nacional, sexto econ\u00f3mico urgente, remitido por el presidente de la Rep\u00fablica, Daniel Noboa Azin.<\/p>\n<p>Esta normativa tiene como objetivo establecer un r\u00e9gimen econ\u00f3mico de incentivos tributarios y de facilitaci\u00f3n de donaciones destinado exclusivamente al fortalecimiento de las fuerzas del orden, en el marco de sus atribuciones constitucionales de protecci\u00f3n interna, mantenimiento del orden p\u00fablico, seguridad ciudadana, defensa nacional y seguridad integral del Estado.<\/p>\n<p>El asamble\u00edsta Diego Franco, presidente encargado de la Comisi\u00f3n de Desarrollo Econ\u00f3mico y ponente del informe, destac\u00f3 que este es un gran d\u00eda para fortalecer y respaldar a las fuerzas del orden, que durante a\u00f1os han sido injustamente criticadas pese a arriesgar su vida por la seguridad de todos los ecuatorianos.<\/p>\n<p>Subray\u00f3 que la ley busca dotar de recursos estrat\u00e9gicos a las fuerzas del orden, promover la corresponsabilidad del sector privado y atraer inversi\u00f3n, reduciendo el riesgo pa\u00eds. \u201cHoy es el momento de decidir si queremos un Estado que se arrodilla ante las mafias o un Estado que protege la vida de los ecuatorianos\u201d, enfatiz\u00f3.<\/p>\n<p>Durante el debate, intervinieron varios legisladores quienes coincidieron en la necesidad de garantizar la seguridad nacional frente al aumento de la criminalidad. Christopher Jaramillo se\u00f1al\u00f3 que la inseguridad ha afectado la calidad de vida y la estabilidad social, por lo que esta ley constituye una medida estrat\u00e9gica para proteger al pa\u00eds. Mientras que, Maria Paula Villacreses resalt\u00f3 que la ley no solo protege la seguridad, sino tambi\u00e9n el futuro y la econom\u00eda del Ecuador.<\/p>\n<p>Sergio Pe\u00f1a recalc\u00f3 que los recursos destinados a estas instituciones llegar\u00e1n directamente, sin depender de la distribuci\u00f3n del Ejecutivo en la proforma presupuestaria anual. A su turno, Alex Mor\u00e1n critic\u00f3 pol\u00edticas pasadas que debilitaron la seguridad nacional y destac\u00f3 la necesidad de fortalecer a las fuerzas del orden frente al crimen organizado.<\/p>\n<p>No obstante, Franklin Samaniego cuestion\u00f3 que, el Ejecutivo insista en enviar una sexta ley econ\u00f3mica urgente, advirtiendo que se repite el uso indebido de este mecanismo, recordando que la Corte Constitucional ya declar\u00f3 inconstitucional una norma similar por mezclar materias y vulnerar procedimientos. Xavier Lasso advirti\u00f3 que la seguridad no puede depender de donaciones privadas, pues esto debilita la soberan\u00eda y sustituye al Estado por la caridad. En la misma l\u00ednea, Ronal Gonz\u00e1lez indic\u00f3 que el fortalecimiento de las fuerzas de seguridad debe garantizarse mediante una acci\u00f3n estatal s\u00f3lida y no por incentivos al sector privado.<\/p>\n<p>La Ley aprobada permitir\u00e1 fortalecer las capacidades estrat\u00e9gicas y operacionales de las Fuerzas Armadas y la Polic\u00eda Nacional mediante la canalizaci\u00f3n de recursos complementarios a la inversi\u00f3n p\u00fablica, la promoci\u00f3n de la participaci\u00f3n del sector privado a trav\u00e9s de incentivos tributarios, y la creaci\u00f3n de un marco legal transparente para la recepci\u00f3n y rendici\u00f3n de cuentas de donaciones.<\/p>\n<p>Estas donaciones podr\u00e1n consistir en bienes muebles o inmuebles, equipamiento o suministros nuevos, en condiciones \u00f3ptimas para su uso, provenientes tanto de contribuyentes nacionales, con beneficios tributarios hasta el 30% del impuesto causado, sin derecho a devoluci\u00f3n, como de organismos y gobiernos internacionales, conforme a los acuerdos de cooperaci\u00f3n y la normativa reglamentaria vigente.<\/p>\n<p>El proyecto aprobado ser\u00e1 remitido al Presidente de la Rep\u00fablica para su sanci\u00f3n u objeci\u00f3n, conforme a la Constituci\u00f3n y la Ley Org\u00e1nica de la Funci\u00f3n Legislativa.<\/p>\n","protected":false},"excerpt":{"rendered":"<p>Quito.- Con 82 votos afirmativos, el Pleno de la Asamblea Nacional aprob\u00f3 en segundo debate el proyecto de Ley para el Fortalecimiento de las Fuerzas Armadas y Polic\u00eda Nacional, sexto econ\u00f3mico urgente, remitido por el presidente de la Rep\u00fablica, Daniel Noboa Azin. Esta normativa tiene como objetivo establecer un r\u00e9gimen econ\u00f3mico de incentivos tributarios y [&hellip;]<\/p>\n","protected":false},"author":2,"featured_media":40082,"comment_status":"open","ping_status":"closed","sticky":false,"template":"","format":"standard","meta":{"_jetpack_memberships_contains_paid_content":false,"footnotes":""},"categories":[13],"tags":[472],"class_list":["post-40081","post","type-post","status-publish","format-standard","has-post-thumbnail","hentry","category-noticias-nacionales","tag-asamblea-nacional"],"jetpack_featured_media_url":"https:\/\/radiocresatelital.com\/wp-content\/uploads\/2025\/10\/imagen_de_whatsapp_2025-10-23_a_las_14.47.11_5167a611.jpg","jetpack_sharing_enabled":true,"_links":{"self":[{"href":"https:\/\/radiocresatelital.com\/index.php?rest_route=\/wp\/v2\/posts\/40081","targetHints":{"allow":["GET"]}}],"collection":[{"href":"https:\/\/radiocresatelital.com\/index.php?rest_route=\/wp\/v2\/posts"}],"about":[{"href":"https:\/\/radiocresatelital.com\/index.php?rest_route=\/wp\/v2\/types\/post"}],"author":[{"embeddable":true,"href":"https:\/\/radiocresatelital.com\/index.php?rest_route=\/wp\/v2\/users\/2"}],"replies":[{"embeddable":true,"href":"https:\/\/radiocresatelital.com\/index.php?rest_route=%2Fwp%2Fv2%2Fcomments&post=40081"}],"version-history":[{"count":1,"href":"https:\/\/radiocresatelital.com\/index.php?rest_route=\/wp\/v2\/posts\/40081\/revisions"}],"predecessor-version":[{"id":40083,"href":"https:\/\/radiocresatelital.com\/index.php?rest_route=\/wp\/v2\/posts\/40081\/revisions\/40083"}],"wp:featuredmedia":[{"embeddable":true,"href":"https:\/\/radiocresatelital.com\/index.php?rest_route=\/wp\/v2\/media\/40082"}],"wp:attachment":[{"href":"https:\/\/radiocresatelital.com\/index.php?rest_route=%2Fwp%2Fv2%2Fmedia&parent=40081"}],"wp:term":[{"taxonomy":"category","embeddable":true,"href":"https:\/\/radiocresatelital.com\/index.php?rest_route=%2Fwp%2Fv2%2Fcategories&post=40081"},{"taxonomy":"post_tag","embeddable":true,"href":"https:\/\/radiocresatelital.com\/index.php?rest_route=%2Fwp%2Fv2%2Ftags&post=40081"}],"curies":[{"name":"wp","href":"https:\/\/api.w.org\/{rel}","templated":true}]}}