{"id":40078,"date":"2025-10-23T20:41:49","date_gmt":"2025-10-23T20:41:49","guid":{"rendered":"https:\/\/radiocresatelital.com\/?p=40078"},"modified":"2025-10-23T20:41:49","modified_gmt":"2025-10-23T20:41:49","slug":"herbalife-ecuador-participo-en-foro-academico-de-la-aevd","status":"publish","type":"post","link":"https:\/\/radiocresatelital.com\/?p=40078","title":{"rendered":"Herbalife Ecuador particip\u00f3 en foro acad\u00e9mico de la AEVD"},"content":{"rendered":"<p>Quito. \u2013 Herbalife Ecuador particip\u00f3 en la I Jornada Acad\u00e9mica \u201cLos Suplementos Alimenticios, Estrat\u00e9gicos en la Nutrici\u00f3n del Ser Humano\u201d, organizada por la Asociaci\u00f3n Ecuatoriana de Venta Directa (AEVD), con la presencia de la Asociaci\u00f3n Latinoamericana de Nutrici\u00f3n Responsable (ALANUR) y destacados actores del sector p\u00fablico y privado. En este espacio, Paola Carrillo, Coordinadora de Asuntos Regulatorios de Herbalife Ecuador, fue parte del foro-conversatorio central del evento, donde abord\u00f3 la relevancia de los suplementos alimenticios en el bienestar integral de las personas.<\/p>\n<p>Durante su intervenci\u00f3n, Carrillo comparti\u00f3 el enfoque cient\u00edfico y riguroso que sostiene el desarrollo de suplementos alimenticios, destacando que cada producto pasa por un proceso exhaustivo de evaluaci\u00f3n de seguridad y eficacia de sus ingredientes . \u201cNos guiamos por referencias internacionales como la OMS, la OPS y estudios cl\u00ednicos, adem\u00e1s del cumplimiento con las normativas locales e internacionales. Todo suplemento alimenticio registrado legalmente en el pa\u00eds ha pasado por una rigurosa revisi\u00f3n t\u00e9cnica que garantiza su seguridad para el consumidor\u201d, asegur\u00f3 la vocera.<\/p>\n<p>Adem\u00e1s, destac\u00f3 las tendencias de esta industria en Am\u00e9rica Latina, donde la personalizaci\u00f3n de los productos ha tomado fuerza. \u201cVemos cada vez m\u00e1s suplementos dise\u00f1ados para necesidades espec\u00edficas: apoyo cognitivo, bienestar articular, bienestar digestivo, productos para deportistas, entre otros. Tambi\u00e9n estamos avanzando en temas como mayor biodisponibilidad de los ingredientes activos, etiquetas limpias, empaques sostenibles y el uso de ingredientes locales\u201d, se\u00f1al\u00f3 Carrillo.<\/p>\n<p>Desde su experiencia, la portavoz de Herbalife Ecuador destac\u00f3 que la percepci\u00f3n del consumidor ecuatoriano ha cambiado significativamente en los \u00faltimos a\u00f1os, especialmente a partir de la pandemia. \u201cHoy los suplementos son vistos como aliados del bienestar, como productos que fortalecen funciones clave del organismo\u201d, indic\u00f3. Carrillo enmarca que los suplementos alimenticios no tratan, curan o previenen enfermedades. Sin embargo, juegan un rol importante en fortalecer nuestras funciones normales del cuerpo para que el mismo pueda mantener su estado de homeostasis o equilibrio.<\/p>\n<p>\u201cDentro del cat\u00e1logo de suplementos alimenticios de Herbalife podemos encontrar una gran variedad de productos que apoyan a fortalecer el sistema inmunitario, , al bienestar cognitivo, a la conservaci\u00f3n de la masa muscular, al bienestar digestivo, entre otros\u201d.<\/p>\n<p>Respecto al marco normativo, Carrillo reconoci\u00f3 que Ecuador posee una de las legislaciones m\u00e1s s\u00f3lidas de la regi\u00f3n en cuanto a suplementos alimenticios, pero a\u00fan existen retos por superar. Uno de ellos es lograr mayor apertura en el etiquetado para incluir declaraciones con base cient\u00edfica sobre beneficios funcionales de los productos, y mejorar la educaci\u00f3n del consumidor para distinguir entre suplementos, alimentos comunes y medicamentos.<\/p>\n<p>Carrillo tambi\u00e9n aprovech\u00f3 el foro para reforzar el llamado a los consumidores a optar \u00fanicamente por productos que cuenten con registro sanitario aprobado. \u201cComo consumidores responsables debemos evitar adquirir productos del mercado informal que no han sido evaluados t\u00e9cnicamente ni autorizados. Esto no solo compromete la seguridad individual, sino tambi\u00e9n la confianza en toda la industria\u201d, enfatiz\u00f3.<\/p>\n<p>Herbalife Ecuador, con una trayectoria consolidada en el desarrollo y comercializaci\u00f3n de suplementos alimenticios, ratifica su compromiso con las buenas pr\u00e1cticas, la calidad y la educaci\u00f3n del consumidor. Su equipo t\u00e9cnico y cient\u00edfico trabaja bajo est\u00e1ndares internacionales, con plantas certificadas en Buenas Pr\u00e1cticas de Manufactura y procesos de cumplimiento normativo en cada mercado donde opera.<\/p>\n","protected":false},"excerpt":{"rendered":"<p>Quito. \u2013 Herbalife Ecuador particip\u00f3 en la I Jornada Acad\u00e9mica \u201cLos Suplementos Alimenticios, Estrat\u00e9gicos en la Nutrici\u00f3n del Ser Humano\u201d, organizada por la Asociaci\u00f3n Ecuatoriana de Venta Directa (AEVD), con la presencia de la Asociaci\u00f3n Latinoamericana de Nutrici\u00f3n Responsable (ALANUR) y destacados actores del sector p\u00fablico y privado. En este espacio, Paola Carrillo, Coordinadora de [&hellip;]<\/p>\n","protected":false},"author":2,"featured_media":40079,"comment_status":"open","ping_status":"closed","sticky":false,"template":"","format":"standard","meta":{"_jetpack_memberships_contains_paid_content":false,"footnotes":""},"categories":[13],"tags":[6376,5981,6375],"class_list":["post-40078","post","type-post","status-publish","format-standard","has-post-thumbnail","hentry","category-noticias-nacionales","tag-asociacion-ecuatoriana-de-venta-directa","tag-herbalife-ecuador","tag-los-suplementos-alimenticios"],"jetpack_featured_media_url":"https:\/\/radiocresatelital.com\/wp-content\/uploads\/2025\/10\/WhatsApp-Image-2025-10-20-at-16.00.29.jpeg","jetpack_sharing_enabled":true,"_links":{"self":[{"href":"https:\/\/radiocresatelital.com\/index.php?rest_route=\/wp\/v2\/posts\/40078","targetHints":{"allow":["GET"]}}],"collection":[{"href":"https:\/\/radiocresatelital.com\/index.php?rest_route=\/wp\/v2\/posts"}],"about":[{"href":"https:\/\/radiocresatelital.com\/index.php?rest_route=\/wp\/v2\/types\/post"}],"author":[{"embeddable":true,"href":"https:\/\/radiocresatelital.com\/index.php?rest_route=\/wp\/v2\/users\/2"}],"replies":[{"embeddable":true,"href":"https:\/\/radiocresatelital.com\/index.php?rest_route=%2Fwp%2Fv2%2Fcomments&post=40078"}],"version-history":[{"count":1,"href":"https:\/\/radiocresatelital.com\/index.php?rest_route=\/wp\/v2\/posts\/40078\/revisions"}],"predecessor-version":[{"id":40080,"href":"https:\/\/radiocresatelital.com\/index.php?rest_route=\/wp\/v2\/posts\/40078\/revisions\/40080"}],"wp:featuredmedia":[{"embeddable":true,"href":"https:\/\/radiocresatelital.com\/index.php?rest_route=\/wp\/v2\/media\/40079"}],"wp:attachment":[{"href":"https:\/\/radiocresatelital.com\/index.php?rest_route=%2Fwp%2Fv2%2Fmedia&parent=40078"}],"wp:term":[{"taxonomy":"category","embeddable":true,"href":"https:\/\/radiocresatelital.com\/index.php?rest_route=%2Fwp%2Fv2%2Fcategories&post=40078"},{"taxonomy":"post_tag","embeddable":true,"href":"https:\/\/radiocresatelital.com\/index.php?rest_route=%2Fwp%2Fv2%2Ftags&post=40078"}],"curies":[{"name":"wp","href":"https:\/\/api.w.org\/{rel}","templated":true}]}}