{"id":40075,"date":"2025-10-23T20:36:33","date_gmt":"2025-10-23T20:36:33","guid":{"rendered":"https:\/\/radiocresatelital.com\/?p=40075"},"modified":"2025-10-23T20:36:33","modified_gmt":"2025-10-23T20:36:33","slug":"cientos-de-ciudadanos-participaron-en-exitosa-brigada-de-el-nuevo-ecuador-realizada-en-la-parroquia-el-retiro","status":"publish","type":"post","link":"https:\/\/radiocresatelital.com\/?p=40075","title":{"rendered":"Cientos de ciudadanos participaron en exitosa Brigada de \u201cEl Nuevo Ecuador\u201d realizada en la parroquia El Retiro"},"content":{"rendered":"<p>Machala.- Con una masiva asistencia de ciudadanos provenientes de los cantones Machala, Pasaje y Santa Rosa, se llev\u00f3 a cabo este mi\u00e9rcoles en la parroquia El Retiro la Brigada de \u201cEl Nuevo Ecuador\u201d, una jornada interinstitucional impulsada por el Gobierno Nacional a trav\u00e9s de la Gobernaci\u00f3n de El Oro.<\/p>\n<p>M\u00e1s de 20 instituciones del Estado ofrecieron atenci\u00f3n directa en salud, servicios sociales y tr\u00e1mites p\u00fablicos, reafirmando el compromiso del Presidente Daniel Noboa de acercar el Estado al territorio y responder de forma \u00e1gil y oportuna a las necesidades de la ciudadan\u00eda.<\/p>\n<p>Durante la jornada, el gobernador Jimmy Blacio dialog\u00f3 directamente con los ciudadanos, reafirmando el compromiso del Gobierno Nacional de construir un Estado m\u00e1s cercano, eficiente y al servicio de todos. \u201cEsta es una muestra del Nuevo Ecuador que estamos construyendo: un Gobierno en territorio, escuchando y atendiendo las necesidades reales de nuestra gente\u201d, destac\u00f3 la autoridad provincial.<\/p>\n<p>La Gobernaci\u00f3n de El Oro, a trav\u00e9s del Registro Social, atendi\u00f3 a 100 personas, facilitando procesos para la actualizaci\u00f3n y levantamiento de datos. El Ministerio de Salud P\u00fablica(MSP) ofreci\u00f3 un total de 150 atenciones m\u00e9dicas, distribuidas en: 48 consultas de medicina general, 21 atenciones de medicina familiar, 31 atenciones odontol\u00f3gicas, 50ciudadanos vacunados contra la difteria y el t\u00e9tanos.<\/p>\n<p>La empresa el\u00e9ctrica CNEL EP brind\u00f3 atenci\u00f3n a cerca de 160 personas, atendiendo solicitudes relacionadas con altos consumos, impresi\u00f3n de facturas, arreglos depostes de luz, entre otros requerimientos. El Ministerio de Agricultura, Ganader\u00eda y Pesca atendi\u00f3 a 50 productores agropecuarios, y realiz\u00f3 5 inscripciones al Registro Nacional Agropecuario.<\/p>\n<p>El ECU 911 atendi\u00f3 a cerca de 50 personas a quienes se explic\u00f3 el modelo de gesti\u00f3n; el buen uso del 9-1-1; el uso del aplicativo m\u00f3vil; las sanciones por mal uso, entre otros. La brigada forma parte de una serie de jornadas que se desarrollar\u00e1n todos los d\u00edas, llevando soluciones concretas a los sectores m\u00e1s necesitados de la provincia.<\/p>\n<p>Las pr\u00f3ximas brigadas se desarrollar\u00e1n conforme a un cronograma que ser\u00e1 difundido a trav\u00e9s de las redes sociales oficiales de la Gobernaci\u00f3n de El Oro.<\/p>\n<p>En lo que resta de la semana, estas jornadas se realizar\u00e1n el jueves, 23 de octubre, en la parroquia Bella mar\u00eda del cant\u00f3n Balsas; el viernes, 24 de octubre, en la parroquia La Libertad del cant\u00f3n Las Lajas; el s\u00e1bado, 25 de octubre, en el sitio Galayacu del cant\u00f3n Pasaje; y el domingo, 26 de octubre, en la ciudadela La Ortiz de la parroquia Barbones, cant\u00f3n El Guabo<\/p>\n","protected":false},"excerpt":{"rendered":"<p>Machala.- Con una masiva asistencia de ciudadanos provenientes de los cantones Machala, Pasaje y Santa Rosa, se llev\u00f3 a cabo este mi\u00e9rcoles en la parroquia El Retiro la Brigada de \u201cEl Nuevo Ecuador\u201d, una jornada interinstitucional impulsada por el Gobierno Nacional a trav\u00e9s de la Gobernaci\u00f3n de El Oro. M\u00e1s de 20 instituciones del Estado [&hellip;]<\/p>\n","protected":false},"author":2,"featured_media":40076,"comment_status":"open","ping_status":"closed","sticky":false,"template":"","format":"standard","meta":{"_jetpack_memberships_contains_paid_content":false,"footnotes":""},"categories":[13],"tags":[6374],"class_list":["post-40075","post","type-post","status-publish","format-standard","has-post-thumbnail","hentry","category-noticias-nacionales","tag-retiro-la-brigada"],"jetpack_featured_media_url":"https:\/\/radiocresatelital.com\/wp-content\/uploads\/2025\/10\/WhatsApp-Image-2025-10-22-at-17.42.21.jpeg","jetpack_sharing_enabled":true,"_links":{"self":[{"href":"https:\/\/radiocresatelital.com\/index.php?rest_route=\/wp\/v2\/posts\/40075","targetHints":{"allow":["GET"]}}],"collection":[{"href":"https:\/\/radiocresatelital.com\/index.php?rest_route=\/wp\/v2\/posts"}],"about":[{"href":"https:\/\/radiocresatelital.com\/index.php?rest_route=\/wp\/v2\/types\/post"}],"author":[{"embeddable":true,"href":"https:\/\/radiocresatelital.com\/index.php?rest_route=\/wp\/v2\/users\/2"}],"replies":[{"embeddable":true,"href":"https:\/\/radiocresatelital.com\/index.php?rest_route=%2Fwp%2Fv2%2Fcomments&post=40075"}],"version-history":[{"count":1,"href":"https:\/\/radiocresatelital.com\/index.php?rest_route=\/wp\/v2\/posts\/40075\/revisions"}],"predecessor-version":[{"id":40077,"href":"https:\/\/radiocresatelital.com\/index.php?rest_route=\/wp\/v2\/posts\/40075\/revisions\/40077"}],"wp:featuredmedia":[{"embeddable":true,"href":"https:\/\/radiocresatelital.com\/index.php?rest_route=\/wp\/v2\/media\/40076"}],"wp:attachment":[{"href":"https:\/\/radiocresatelital.com\/index.php?rest_route=%2Fwp%2Fv2%2Fmedia&parent=40075"}],"wp:term":[{"taxonomy":"category","embeddable":true,"href":"https:\/\/radiocresatelital.com\/index.php?rest_route=%2Fwp%2Fv2%2Fcategories&post=40075"},{"taxonomy":"post_tag","embeddable":true,"href":"https:\/\/radiocresatelital.com\/index.php?rest_route=%2Fwp%2Fv2%2Ftags&post=40075"}],"curies":[{"name":"wp","href":"https:\/\/api.w.org\/{rel}","templated":true}]}}