{"id":40069,"date":"2025-10-23T20:26:58","date_gmt":"2025-10-23T20:26:58","guid":{"rendered":"https:\/\/radiocresatelital.com\/?p=40069"},"modified":"2025-10-23T20:26:58","modified_gmt":"2025-10-23T20:26:58","slug":"salsa-creatividad-y-disfraces-invadiran-ruta-centro","status":"publish","type":"post","link":"https:\/\/radiocresatelital.com\/?p=40069","title":{"rendered":"Salsa, creatividad y disfraces invadir\u00e1n Ruta Centro"},"content":{"rendered":"<p>Guayaquil.- Este domingo 26 de octubre, el centro de Guayaquil se vestir\u00e1 de ritmo, creatividad y disfraces con dos actividades que animar\u00e1n el centro de la ciudad y reunir\u00e1n a familias, comerciantes y visitantes en un ambiente seguro y recreativo.<\/p>\n<p>Desde las 10h00 locales (15h00 GMT), las calles Panam\u00e1, entre 9 de Octubre y V\u00edctor Manuel Rend\u00f3n, se llenar\u00e1n de m\u00fasica y baile con el Segundo Festival de Salsa en la Ruta Centro. Adem\u00e1s, esta segunda edici\u00f3n conmemora la resoluci\u00f3n del Concejo Municipal que declar\u00f3 el 22 de julio como el \u201cD\u00eda del G\u00e9nero Musical Salsa\u201d en Guayaquil. Los asistentes podr\u00e1n disfrutar de agrupaciones locales, exhibiciones de baile, m\u00fasica en vivo y una feria de emprendimientos gastron\u00f3micos y artesanales, donde se destacar\u00e1 el talento y la creatividad guayaquile\u00f1a.<\/p>\n<p>Con la cercan\u00eda de Halloween, la Ruta Centro tambi\u00e9n se llenar\u00e1 de colores y fantas\u00eda, con un desfile de disfraces que comenzar\u00e1 en la calle Jun\u00edn y avanzar\u00e1 hasta la Plaza de los Teatros, donde se desarrollar\u00e1 el concurso y premiaci\u00f3n.<\/p>\n<p>Los m\u00e1s peque\u00f1os podr\u00e1n disfrutar de stands de caritas pintadas, mesas para colorear y actividades de \u201cdulce o truco\u201d, distribuidos en la Plaza de los Teatros y en varios puntos de la calle Panam\u00e1. Adem\u00e1s, habr\u00e1 stands informativos de servicios municipales, integrando la diversi\u00f3n con informaci\u00f3n \u00fatil para la comunidad.<\/p>\n<p>La participaci\u00f3n especial de Matsuri Street aportar\u00e1 una variada muestra de sabores y productos locales, convirtiendo el centro en una fiesta cultural y comunitaria.<\/p>\n<p>Cada domingo, Ruta Centro congrega a centenares de familias que aprovechan la peatonalizaci\u00f3n de la avenida Malec\u00f3n para trotar, patinar, andar en bicicleta o caminar junto a sus mascotas, disfrutando de un entorno seguro, recreativo y lleno de vida en pleno coraz\u00f3n de la ciudad.<\/p>\n<p>El festival de Salsa y las actividades de Halloween son impulsadas por la Alcald\u00eda de Guayaquil, con el apoyo de la Universidad de las Artes, \u00c9pico y Fundaci\u00f3n Malec\u00f3n 2000, en un esfuerzo conjunto que promueve el arte, la m\u00fasica, la recreaci\u00f3n y la recuperaci\u00f3n de los espacios p\u00fablicos como lugares de convivencia y desarrollo ciudadano.<\/p>\n","protected":false},"excerpt":{"rendered":"<p>Guayaquil.- Este domingo 26 de octubre, el centro de Guayaquil se vestir\u00e1 de ritmo, creatividad y disfraces con dos actividades que animar\u00e1n el centro de la ciudad y reunir\u00e1n a familias, comerciantes y visitantes en un ambiente seguro y recreativo. Desde las 10h00 locales (15h00 GMT), las calles Panam\u00e1, entre 9 de Octubre y V\u00edctor [&hellip;]<\/p>\n","protected":false},"author":2,"featured_media":40070,"comment_status":"open","ping_status":"closed","sticky":false,"template":"","format":"standard","meta":{"_jetpack_memberships_contains_paid_content":false,"footnotes":""},"categories":[33,13],"tags":[6372],"class_list":["post-40069","post","type-post","status-publish","format-standard","has-post-thumbnail","hentry","category-guayaquil","category-noticias-nacionales","tag-segundo-festival-de-salsa-en-la-ruta-centro"],"jetpack_featured_media_url":"https:\/\/radiocresatelital.com\/wp-content\/uploads\/2025\/10\/DSC_5660.jpg","jetpack_sharing_enabled":true,"_links":{"self":[{"href":"https:\/\/radiocresatelital.com\/index.php?rest_route=\/wp\/v2\/posts\/40069","targetHints":{"allow":["GET"]}}],"collection":[{"href":"https:\/\/radiocresatelital.com\/index.php?rest_route=\/wp\/v2\/posts"}],"about":[{"href":"https:\/\/radiocresatelital.com\/index.php?rest_route=\/wp\/v2\/types\/post"}],"author":[{"embeddable":true,"href":"https:\/\/radiocresatelital.com\/index.php?rest_route=\/wp\/v2\/users\/2"}],"replies":[{"embeddable":true,"href":"https:\/\/radiocresatelital.com\/index.php?rest_route=%2Fwp%2Fv2%2Fcomments&post=40069"}],"version-history":[{"count":1,"href":"https:\/\/radiocresatelital.com\/index.php?rest_route=\/wp\/v2\/posts\/40069\/revisions"}],"predecessor-version":[{"id":40071,"href":"https:\/\/radiocresatelital.com\/index.php?rest_route=\/wp\/v2\/posts\/40069\/revisions\/40071"}],"wp:featuredmedia":[{"embeddable":true,"href":"https:\/\/radiocresatelital.com\/index.php?rest_route=\/wp\/v2\/media\/40070"}],"wp:attachment":[{"href":"https:\/\/radiocresatelital.com\/index.php?rest_route=%2Fwp%2Fv2%2Fmedia&parent=40069"}],"wp:term":[{"taxonomy":"category","embeddable":true,"href":"https:\/\/radiocresatelital.com\/index.php?rest_route=%2Fwp%2Fv2%2Fcategories&post=40069"},{"taxonomy":"post_tag","embeddable":true,"href":"https:\/\/radiocresatelital.com\/index.php?rest_route=%2Fwp%2Fv2%2Ftags&post=40069"}],"curies":[{"name":"wp","href":"https:\/\/api.w.org\/{rel}","templated":true}]}}