{"id":40066,"date":"2025-10-23T20:16:25","date_gmt":"2025-10-23T20:16:25","guid":{"rendered":"https:\/\/radiocresatelital.com\/?p=40066"},"modified":"2025-10-23T20:16:25","modified_gmt":"2025-10-23T20:16:25","slug":"gobierno-nacional-impulsa-el-alto-rendimiento-deportivo-con-encuentro-academico-de-la-universidad-europea-y-la-escuela-universitaria-del-real-madrid","status":"publish","type":"post","link":"https:\/\/radiocresatelital.com\/?p=40066","title":{"rendered":"Gobierno Nacional impulsa el alto rendimiento deportivo con encuentro acad\u00e9mico de la Universidad Europea y la Escuela Universitaria del Real Madrid"},"content":{"rendered":"<p>Quito.-\u00a0El Gobierno Nacional, a trav\u00e9s del Ministerio de Educaci\u00f3n, Deporte y Cultura, promueve espacios que integran el alto rendimiento deportivo con la educaci\u00f3n acad\u00e9mica, reafirmando su compromiso con la formaci\u00f3n dual de la juventud ecuatoriana.<\/p>\n<p>El evento de di\u00e1logo \u201cDeporte y Educaci\u00f3n: Un Futuro Integrado\u201d reuni\u00f3 a autoridades, deportistas, acad\u00e9micos y representantes internacionales para analizar la importancia de la formaci\u00f3n integral.<\/p>\n<p>El viceministro del Deporte, Jos\u00e9 David Jim\u00e9nez V\u00e1squez, destac\u00f3: \u201cEl futuro del deporte ecuatoriano depende de la capacidad de integrar la educaci\u00f3n con el alto rendimiento. Cuando un joven se forma acad\u00e9micamente y, al mismo tiempo, desarrolla su talento deportivo, construimos no solo atletas exitosos, sino mejores profesionales para el pa\u00eds.\u201d<\/p>\n<p>El evento incluy\u00f3 ponencias de expertos como el Dr. Diego Dom\u00ednguez Balmaseda, director acad\u00e9mico de la Escuela Universitaria del Real Madrid, y testimonios de deportistas de alto rendimiento como Jos\u00e9 Acevedo y Silvia Ortiz. Adem\u00e1s, se reconoci\u00f3 la trayectoria de otros destacados deportistas ol\u00edmpicos y de ponencia como Mar\u00eda Sol Naranjo, Andr\u00e9s Torres, Kenia Monserrate, Franklin Le\u00f3n y Alex Ochoa, referentes del deporte nacional y para las nuevas generaciones.<\/p>\n<p>Durante el encuentro, tambi\u00e9n se entregaron reconocimientos, por parte de la Universidad Europea a la ministra de Educaci\u00f3n, Deporte y Cultura, Alegr\u00eda Crespo, y al viceministro del Deporte, Jos\u00e9 David Jim\u00e9nez, por su compromiso con el fortalecimiento educativo.<\/p>\n<p>Este reconocimiento se enmarca en el Convenio de Cooperaci\u00f3n firmado el 27 de septiembre de 2024, por el entonces Ministerio del Deporte y cuya vigencia\u00a0 es de cinco a\u00f1os. Esta acci\u00f3n ofrece un beneficio hist\u00f3rico para los deportistas, dirigentes y organismos deportivos, as\u00ed como a los profesionales de la educaci\u00f3n f\u00edsica.<\/p>\n<p>Entre los beneficios constan becas vigentes de la Universidad, el uso compartido de infraestructura acad\u00e9mica y deportiva, y la organizaci\u00f3n conjunta de seminarios, conferencias y proyectos de vinculaci\u00f3n.<\/p>\n<p>Con estas acciones, el Gobierno reafirma su visi\u00f3n de una educaci\u00f3n que integra el desarrollo acad\u00e9mico, deportivo y profesional, asegurando un futuro m\u00e1s competitivo para la juventud\u00a0del\u00a0Ecuador.<\/p>\n","protected":false},"excerpt":{"rendered":"<p>Quito.-\u00a0El Gobierno Nacional, a trav\u00e9s del Ministerio de Educaci\u00f3n, Deporte y Cultura, promueve espacios que integran el alto rendimiento deportivo con la educaci\u00f3n acad\u00e9mica, reafirmando su compromiso con la formaci\u00f3n dual de la juventud ecuatoriana. El evento de di\u00e1logo \u201cDeporte y Educaci\u00f3n: Un Futuro Integrado\u201d reuni\u00f3 a autoridades, deportistas, acad\u00e9micos y representantes internacionales para analizar [&hellip;]<\/p>\n","protected":false},"author":2,"featured_media":40067,"comment_status":"open","ping_status":"closed","sticky":false,"template":"","format":"standard","meta":{"_jetpack_memberships_contains_paid_content":false,"footnotes":""},"categories":[13],"tags":[6371,157,444],"class_list":["post-40066","post","type-post","status-publish","format-standard","has-post-thumbnail","hentry","category-noticias-nacionales","tag-deporte-y-educacion-un-futuro-integrado","tag-gobierno-nacional","tag-ministerio-de-educacion"],"jetpack_featured_media_url":"https:\/\/radiocresatelital.com\/wp-content\/uploads\/2025\/10\/alto-rendimiento.png","jetpack_sharing_enabled":true,"_links":{"self":[{"href":"https:\/\/radiocresatelital.com\/index.php?rest_route=\/wp\/v2\/posts\/40066","targetHints":{"allow":["GET"]}}],"collection":[{"href":"https:\/\/radiocresatelital.com\/index.php?rest_route=\/wp\/v2\/posts"}],"about":[{"href":"https:\/\/radiocresatelital.com\/index.php?rest_route=\/wp\/v2\/types\/post"}],"author":[{"embeddable":true,"href":"https:\/\/radiocresatelital.com\/index.php?rest_route=\/wp\/v2\/users\/2"}],"replies":[{"embeddable":true,"href":"https:\/\/radiocresatelital.com\/index.php?rest_route=%2Fwp%2Fv2%2Fcomments&post=40066"}],"version-history":[{"count":1,"href":"https:\/\/radiocresatelital.com\/index.php?rest_route=\/wp\/v2\/posts\/40066\/revisions"}],"predecessor-version":[{"id":40068,"href":"https:\/\/radiocresatelital.com\/index.php?rest_route=\/wp\/v2\/posts\/40066\/revisions\/40068"}],"wp:featuredmedia":[{"embeddable":true,"href":"https:\/\/radiocresatelital.com\/index.php?rest_route=\/wp\/v2\/media\/40067"}],"wp:attachment":[{"href":"https:\/\/radiocresatelital.com\/index.php?rest_route=%2Fwp%2Fv2%2Fmedia&parent=40066"}],"wp:term":[{"taxonomy":"category","embeddable":true,"href":"https:\/\/radiocresatelital.com\/index.php?rest_route=%2Fwp%2Fv2%2Fcategories&post=40066"},{"taxonomy":"post_tag","embeddable":true,"href":"https:\/\/radiocresatelital.com\/index.php?rest_route=%2Fwp%2Fv2%2Ftags&post=40066"}],"curies":[{"name":"wp","href":"https:\/\/api.w.org\/{rel}","templated":true}]}}