{"id":40059,"date":"2025-10-23T19:52:29","date_gmt":"2025-10-23T19:52:29","guid":{"rendered":"https:\/\/radiocresatelital.com\/?p=40059"},"modified":"2025-10-23T19:52:46","modified_gmt":"2025-10-23T19:52:46","slug":"prefecta-marcela-aguinaga-verifica-el-inicio-de-la-construccion-de-puente-vehicular-que-beneficia-a-mas-14-000-habitantes-del-canton-isidro-ayora","status":"publish","type":"post","link":"https:\/\/radiocresatelital.com\/?p=40059","title":{"rendered":"Prefecta Marcela Agui\u00f1aga verifica el inicio de la construcci\u00f3n de puente vehicular que beneficia a m\u00e1s 14.000 habitantes del cant\u00f3n Isidro Ayora"},"content":{"rendered":"<p><span style=\"font-weight: 400;\">Guayaquil.- La construcci\u00f3n del puente vehicular sobre el r\u00edo Bachillero, que incluye v\u00eda de aproximaci\u00f3n con carpeta asf\u00e1ltica, se inici\u00f3 bajo la supervisi\u00f3n de la prefecta Marcela Agui\u00f1aga, quien se desplaz\u00f3 hasta el cant\u00f3n Isidro Ayora, como parte de su agenda en territorio.<\/span><\/p>\n<p>La intervenci\u00f3n del Gobierno Provincial del Guayas, cuya inversi\u00f3n asciende a $1,6 millones, garantizar\u00e1 la conectividad entre la cabecera cantonal y recintos como Carrizal, Rosa de Oro y La Chonta, los cuales tienen un alto potencial agr\u00edcola y ganadero.<\/p>\n<p><span style=\"font-weight: 400;\">Actualmente, maquinaria del Gobierno Provincial trabaja en la demolici\u00f3n de la estructura que ya hab\u00eda cumplido su vida \u00fatil y en la \u00e9poca invernal, se ve\u00eda afectada por las inundaciones. Por esa raz\u00f3n, la comunidad solicitaba una nueva obra hace m\u00e1s de 25 a\u00f1os. \u201cUstedes tienen una paciencia de santos, porque nuestra ruralidad merece tener v\u00edas de calidad. Las merece. \u00bfCu\u00e1ntos a\u00f1os vienen pidiendo? Yo vivir\u00eda igual de indignada que ustedes, con toda raz\u00f3n\u201d, expres\u00f3 Agui\u00f1aga, quien agreg\u00f3 que el beneficio alcanzar\u00e1 a m\u00e1s de 14.000 habitantes.\u00a0<\/span><\/p>\n<p><span style=\"font-weight: 400;\">\u201cEn todos los inviernos padecemos de inundaciones y no podemos salir, el agua nos llega a la cintura. Esto nos dar\u00e1 mayor movilidad; sacar nuestros productos\u201d, dijo Yadira Delgado, residente de localidad, donde, adem\u00e1s, la direcci\u00f3n de Obras P\u00fablicas ejecuta el mantenimiento vial con material asf\u00e1ltico en m\u00e1s de 4 km del sector Las Ca\u00f1as-Pueblo Nuevo.<\/span><\/p>\n<p><span style=\"font-weight: 400;\">Finalmente, la prefecta Agui\u00f1aga se desplaz\u00f3 hasta el cant\u00f3n Palestina, donde inspeccion\u00f3 la limpieza de un canal de riego en cerca de 3 km, para conservar m\u00e1s de 500 hect\u00e1reas productivas de arroz. En ese recinto tambi\u00e9n entreg\u00f3 kits con insumos agroecol\u00f3gicos a 700 peque\u00f1os agricultores.<\/span><\/p>\n","protected":false},"excerpt":{"rendered":"<p>Guayaquil.- La construcci\u00f3n del puente vehicular sobre el r\u00edo Bachillero, que incluye v\u00eda de aproximaci\u00f3n con carpeta asf\u00e1ltica, se inici\u00f3 bajo la supervisi\u00f3n de la prefecta Marcela Agui\u00f1aga, quien se desplaz\u00f3 hasta el cant\u00f3n Isidro Ayora, como parte de su agenda en territorio. La intervenci\u00f3n del Gobierno Provincial del Guayas, cuya inversi\u00f3n asciende a $1,6 [&hellip;]<\/p>\n","protected":false},"author":2,"featured_media":40060,"comment_status":"open","ping_status":"closed","sticky":false,"template":"","format":"standard","meta":{"_jetpack_memberships_contains_paid_content":false,"footnotes":""},"categories":[13],"tags":[5968,2699],"class_list":["post-40059","post","type-post","status-publish","format-standard","has-post-thumbnail","hentry","category-noticias-nacionales","tag-gobierno-provincial-del-guayas","tag-prefecta-marcela-aguinaga"],"jetpack_featured_media_url":"https:\/\/radiocresatelital.com\/wp-content\/uploads\/2025\/10\/WhatsApp-Image-2025-10-23-at-08.28.31-scaled.jpeg","jetpack_sharing_enabled":true,"_links":{"self":[{"href":"https:\/\/radiocresatelital.com\/index.php?rest_route=\/wp\/v2\/posts\/40059","targetHints":{"allow":["GET"]}}],"collection":[{"href":"https:\/\/radiocresatelital.com\/index.php?rest_route=\/wp\/v2\/posts"}],"about":[{"href":"https:\/\/radiocresatelital.com\/index.php?rest_route=\/wp\/v2\/types\/post"}],"author":[{"embeddable":true,"href":"https:\/\/radiocresatelital.com\/index.php?rest_route=\/wp\/v2\/users\/2"}],"replies":[{"embeddable":true,"href":"https:\/\/radiocresatelital.com\/index.php?rest_route=%2Fwp%2Fv2%2Fcomments&post=40059"}],"version-history":[{"count":2,"href":"https:\/\/radiocresatelital.com\/index.php?rest_route=\/wp\/v2\/posts\/40059\/revisions"}],"predecessor-version":[{"id":40062,"href":"https:\/\/radiocresatelital.com\/index.php?rest_route=\/wp\/v2\/posts\/40059\/revisions\/40062"}],"wp:featuredmedia":[{"embeddable":true,"href":"https:\/\/radiocresatelital.com\/index.php?rest_route=\/wp\/v2\/media\/40060"}],"wp:attachment":[{"href":"https:\/\/radiocresatelital.com\/index.php?rest_route=%2Fwp%2Fv2%2Fmedia&parent=40059"}],"wp:term":[{"taxonomy":"category","embeddable":true,"href":"https:\/\/radiocresatelital.com\/index.php?rest_route=%2Fwp%2Fv2%2Fcategories&post=40059"},{"taxonomy":"post_tag","embeddable":true,"href":"https:\/\/radiocresatelital.com\/index.php?rest_route=%2Fwp%2Fv2%2Ftags&post=40059"}],"curies":[{"name":"wp","href":"https:\/\/api.w.org\/{rel}","templated":true}]}}