{"id":40055,"date":"2025-10-23T19:47:33","date_gmt":"2025-10-23T19:47:33","guid":{"rendered":"https:\/\/radiocresatelital.com\/?p=40055"},"modified":"2025-10-23T19:48:08","modified_gmt":"2025-10-23T19:48:08","slug":"concejo-aprueba-ampliacion-del-registro-social-municipal-y-respalda-evento-de-cheerleading","status":"publish","type":"post","link":"https:\/\/radiocresatelital.com\/?p=40055","title":{"rendered":"Concejo aprueba ampliaci\u00f3n del Registro Social Municipal y respalda evento de Cheerleading"},"content":{"rendered":"<p>Guayaquil.- Durante la sesi\u00f3n ordinaria 136, el Concejo Municipal de Guayaquil aprob\u00f3 dos convenios de cooperaci\u00f3n que reflejan la visi\u00f3n integral de la actual administraci\u00f3n, enfocada en fortalecer la inclusi\u00f3n social y promover el desarrollo deportivo juvenil.<\/p>\n<p>El primero de los acuerdos fue suscrito con la Fundaci\u00f3n Prodfamilysocial para ejecutar la tercera fase del Registro Social Municipal (RSM), programa pionero que recopila informaci\u00f3n sobre las condiciones de vida de personas con discapacidad. Con esta nueva etapa se prev\u00e9 registrar a 5.000 ciudadanos mediante brigadas que recorrer\u00e1n diversos sectores urbanos y rurales.<\/p>\n<p>\u201cEn el AGA 05 pronto estaremos levantando el registro social en Nueva Prosperina, en El Fort\u00edn, La Florida, Socio Vivienda; y en el AGA 011 lo haremos en Estero Salado, Abel Gilbert y en el Batall\u00f3n del Suburbio. En las parroquias rurales, en Juan G\u00f3mez Rend\u00f3n, El Morro y Tenguel, y en la Isla Pun\u00e1 se van a incluir todos los islotes del Golfo de Guayaquil, para que nadie se quede atr\u00e1s de este registro social\u201d, inform\u00f3 la concejal Emily Vera.<\/p>\n<p>El convenio contempla una transferencia municipal no reembolsable de USD 70.000, equivalente al 49% del valor total del programa; el 51% restante ser\u00e1 cubierto por la fundaci\u00f3n. El plazo de ejecuci\u00f3n es de cinco meses.<\/p>\n<p>El RSM inici\u00f3 en octubre de 2023 bajo el liderazgo del alcalde Aquiles Alvarez. Hasta la fecha, 17.000 personas con discapacidad han sido registradas, lo que permitir\u00e1 al Municipio contar con una base de datos s\u00f3lida para dise\u00f1ar pol\u00edticas p\u00fablicas m\u00e1s precisas y efectivas para este grupo prioritario.<\/p>\n<p>El segundo convenio fue aprobado con la Federaci\u00f3n Ecuatoriana de Cheerleading para la organizaci\u00f3n de la Copa Americana del Deporte Cheerleading Guayaquil 2025, que se realizar\u00e1 el 26 de octubre en el Centro de Convenciones. El evento reunir\u00e1 a m\u00e1s de 1.000 atletas, evaluados por jueces nacionales e internacionales certificados.<\/p>\n<p>Ambos convenios marcan la hoja de ruta de la Alcald\u00eda liderada por Aquiles Alvarez, orientada a reconstruir el tejido social de la ciudad. A trav\u00e9s de estas acciones, el Municipio reafirma su compromiso con los sectores m\u00e1s vulnerables y con el fortalecimiento del deporte como herramienta de inclusi\u00f3n, desarrollo y bienestar juvenil.<\/p>\n","protected":false},"excerpt":{"rendered":"<p>Guayaquil.- Durante la sesi\u00f3n ordinaria 136, el Concejo Municipal de Guayaquil aprob\u00f3 dos convenios de cooperaci\u00f3n que reflejan la visi\u00f3n integral de la actual administraci\u00f3n, enfocada en fortalecer la inclusi\u00f3n social y promover el desarrollo deportivo juvenil. El primero de los acuerdos fue suscrito con la Fundaci\u00f3n Prodfamilysocial para ejecutar la tercera fase del Registro [&hellip;]<\/p>\n","protected":false},"author":2,"featured_media":40056,"comment_status":"open","ping_status":"closed","sticky":false,"template":"","format":"standard","meta":{"_jetpack_memberships_contains_paid_content":false,"footnotes":""},"categories":[33,13],"tags":[2093,6368],"class_list":["post-40055","post","type-post","status-publish","format-standard","has-post-thumbnail","hentry","category-guayaquil","category-noticias-nacionales","tag-concejo-municipal-de-guayaquil","tag-fundacion-prodfamilysocial"],"jetpack_featured_media_url":"https:\/\/radiocresatelital.com\/wp-content\/uploads\/2025\/10\/031A4656-1-scaled.jpg","jetpack_sharing_enabled":true,"_links":{"self":[{"href":"https:\/\/radiocresatelital.com\/index.php?rest_route=\/wp\/v2\/posts\/40055","targetHints":{"allow":["GET"]}}],"collection":[{"href":"https:\/\/radiocresatelital.com\/index.php?rest_route=\/wp\/v2\/posts"}],"about":[{"href":"https:\/\/radiocresatelital.com\/index.php?rest_route=\/wp\/v2\/types\/post"}],"author":[{"embeddable":true,"href":"https:\/\/radiocresatelital.com\/index.php?rest_route=\/wp\/v2\/users\/2"}],"replies":[{"embeddable":true,"href":"https:\/\/radiocresatelital.com\/index.php?rest_route=%2Fwp%2Fv2%2Fcomments&post=40055"}],"version-history":[{"count":1,"href":"https:\/\/radiocresatelital.com\/index.php?rest_route=\/wp\/v2\/posts\/40055\/revisions"}],"predecessor-version":[{"id":40057,"href":"https:\/\/radiocresatelital.com\/index.php?rest_route=\/wp\/v2\/posts\/40055\/revisions\/40057"}],"wp:featuredmedia":[{"embeddable":true,"href":"https:\/\/radiocresatelital.com\/index.php?rest_route=\/wp\/v2\/media\/40056"}],"wp:attachment":[{"href":"https:\/\/radiocresatelital.com\/index.php?rest_route=%2Fwp%2Fv2%2Fmedia&parent=40055"}],"wp:term":[{"taxonomy":"category","embeddable":true,"href":"https:\/\/radiocresatelital.com\/index.php?rest_route=%2Fwp%2Fv2%2Fcategories&post=40055"},{"taxonomy":"post_tag","embeddable":true,"href":"https:\/\/radiocresatelital.com\/index.php?rest_route=%2Fwp%2Fv2%2Ftags&post=40055"}],"curies":[{"name":"wp","href":"https:\/\/api.w.org\/{rel}","templated":true}]}}