{"id":40052,"date":"2025-10-23T19:42:14","date_gmt":"2025-10-23T19:42:14","guid":{"rendered":"https:\/\/radiocresatelital.com\/?p=40052"},"modified":"2025-10-23T19:43:22","modified_gmt":"2025-10-23T19:43:22","slug":"las-gradas-del-estadio-chucho-benitez-se-llenaron-de-suenos-y-pasion-infantil","status":"publish","type":"post","link":"https:\/\/radiocresatelital.com\/?p=40052","title":{"rendered":"Las gradas del Estadio \u201cChucho\u201d Ben\u00edtez se llenaron de sue\u00f1os y pasi\u00f3n infantil"},"content":{"rendered":"<p>Guayaquil.- La emoci\u00f3n del f\u00fatbol trascendi\u00f3 las canchas barriales de Guayaquil. Trescientos ni\u00f1os y j\u00f3venes de distintas escuelas de f\u00fatbol de la ciudad vivieron la experiencia de asistir al partido de cuartos de final de la Copa Ecuador entre Guayaquil City y Emelec, disputado en el estadio Christian \u201cChucho\u201d Ben\u00edtez de Parque Samanes.<\/p>\n<p>La actividad, coordinada por la Direcci\u00f3n de Deportes, fue posible gracias a la gesti\u00f3n del alcalde Aquiles Alvarez junto a la directiva del equipo ciudadano. El prop\u00f3sito fue brindar a los peque\u00f1os deportistas la oportunidad de disfrutar un encuentro de f\u00fatbol profesional y fomentar la inclusi\u00f3n a trav\u00e9s del deporte.<\/p>\n<p>Los asistentes pertenecen a las escuelas de f\u00fatbol Barrio de Paz (Isla Trinitaria), CAMI 29 y Oriente, Guayaquil Athletic, Figueroa, Cisne 2, Estaci\u00f3n, The Monster Red, Polifuncionales Sergio Toral, La Colmena, El Legado y Polifuncional ZUMAR.<\/p>\n<p>\u201cEn alg\u00fan momento, estos chicos fueron parte de otros proyectos del Municipio con Guayaquil City, conozco a algunos profesores y es lindo volver a verlos. El deporte es eso, apoyar a las formativas\u201d, expres\u00f3 Gabriel Medranda, gerente general de Guayaquil City.<\/p>\n<p>Desde las gradas, los j\u00f3venes futbolistas siguieron con atenci\u00f3n cada jugada del vibrante encuentro, inspirados por el sue\u00f1o de llegar alg\u00fan d\u00eda a una cancha como jugadores profesionales. \u201cMe siento bien de estar aqu\u00ed y m\u00e1s por lo que estamos participando en la LigaPro Kids, es una experiencia muy bonita. Podemos ver c\u00f3mo juegan, c\u00f3mo se mueven para alg\u00fan d\u00eda ser como ellos\u201d, coment\u00f3 Javier Criollo, jugador de la Escuela de F\u00fatbol del Polifuncional ZUMAR.<\/p>\n<p>Para garantizar una jornada segura y ordenada, agentes de la Autoridad de Tr\u00e1nsito y Movilidad (ATM) y de Control Municipal (ACM) se mantuvieron desplegados en los alrededores del estadio, especialmente en la avenida Paseo del Parque. Con patrullas y motos en recorrido, su presencia permiti\u00f3 regular el tr\u00e1nsito, brindar apoyo a los asistentes y resguardar el desarrollo del evento en un ambiente familiar y tranquilo.<\/p>\n<p>A trav\u00e9s de estas acciones, Guayaquil renueva su compromiso con las nuevas generaciones y mantiene vivo su esp\u00edritu deportivo, reafirmando su t\u00edtulo de Capital Americana del Deporte 2026 e inspirando a los j\u00f3venes a perseguir sus sue\u00f1os con esfuerzo y pasi\u00f3n.<\/p>\n","protected":false},"excerpt":{"rendered":"<p>Guayaquil.- La emoci\u00f3n del f\u00fatbol trascendi\u00f3 las canchas barriales de Guayaquil. Trescientos ni\u00f1os y j\u00f3venes de distintas escuelas de f\u00fatbol de la ciudad vivieron la experiencia de asistir al partido de cuartos de final de la Copa Ecuador entre Guayaquil City y Emelec, disputado en el estadio Christian \u201cChucho\u201d Ben\u00edtez de Parque Samanes. La actividad, [&hellip;]<\/p>\n","protected":false},"author":2,"featured_media":40053,"comment_status":"open","ping_status":"closed","sticky":false,"template":"","format":"standard","meta":{"_jetpack_memberships_contains_paid_content":false,"footnotes":""},"categories":[9,33,13],"tags":[114],"class_list":["post-40052","post","type-post","status-publish","format-standard","has-post-thumbnail","hentry","category-deportes","category-guayaquil","category-noticias-nacionales","tag-municipio-de-guayaquil"],"jetpack_featured_media_url":"https:\/\/radiocresatelital.com\/wp-content\/uploads\/2025\/10\/1-7-scaled.jpeg","jetpack_sharing_enabled":true,"_links":{"self":[{"href":"https:\/\/radiocresatelital.com\/index.php?rest_route=\/wp\/v2\/posts\/40052","targetHints":{"allow":["GET"]}}],"collection":[{"href":"https:\/\/radiocresatelital.com\/index.php?rest_route=\/wp\/v2\/posts"}],"about":[{"href":"https:\/\/radiocresatelital.com\/index.php?rest_route=\/wp\/v2\/types\/post"}],"author":[{"embeddable":true,"href":"https:\/\/radiocresatelital.com\/index.php?rest_route=\/wp\/v2\/users\/2"}],"replies":[{"embeddable":true,"href":"https:\/\/radiocresatelital.com\/index.php?rest_route=%2Fwp%2Fv2%2Fcomments&post=40052"}],"version-history":[{"count":1,"href":"https:\/\/radiocresatelital.com\/index.php?rest_route=\/wp\/v2\/posts\/40052\/revisions"}],"predecessor-version":[{"id":40054,"href":"https:\/\/radiocresatelital.com\/index.php?rest_route=\/wp\/v2\/posts\/40052\/revisions\/40054"}],"wp:featuredmedia":[{"embeddable":true,"href":"https:\/\/radiocresatelital.com\/index.php?rest_route=\/wp\/v2\/media\/40053"}],"wp:attachment":[{"href":"https:\/\/radiocresatelital.com\/index.php?rest_route=%2Fwp%2Fv2%2Fmedia&parent=40052"}],"wp:term":[{"taxonomy":"category","embeddable":true,"href":"https:\/\/radiocresatelital.com\/index.php?rest_route=%2Fwp%2Fv2%2Fcategories&post=40052"},{"taxonomy":"post_tag","embeddable":true,"href":"https:\/\/radiocresatelital.com\/index.php?rest_route=%2Fwp%2Fv2%2Ftags&post=40052"}],"curies":[{"name":"wp","href":"https:\/\/api.w.org\/{rel}","templated":true}]}}