{"id":3999,"date":"2023-09-10T15:47:26","date_gmt":"2023-09-10T15:47:26","guid":{"rendered":"https:\/\/radiocresatelital.com\/?p=3999"},"modified":"2023-09-10T15:47:26","modified_gmt":"2023-09-10T15:47:26","slug":"el-comite-acordo-que-la-seleccion-alemana-necesita-aire-fresco-tras-los-decepcionantes-resultados-recientes-bernd-neuendorf","status":"publish","type":"post","link":"https:\/\/radiocresatelital.com\/?p=3999","title":{"rendered":"El comit\u00e9 acord\u00f3 que la selecci\u00f3n alemana necesita aire fresco tras los decepcionantes resultados recientes, Bernd Neuendorf"},"content":{"rendered":"<p>Berl\u00edn.- La Federaci\u00f3n Alemana de F\u00fatbol (DFB) ha comunicado la destituci\u00f3n de Hans-Dieter Flick como t\u00e9cnico de la selecci\u00f3n alemana de F\u00fatbol al d\u00eda siguiente de la inesperada derrota por 4-1 ante Jap\u00f3n en un amistoso disputado en Wolfsburgo.<\/p>\n<p>\u00abEl comit\u00e9 acord\u00f3 que la selecci\u00f3n alemana necesita aire fresco tras los decepcionantes resultados recientes. Ante la Eurocopa del a\u00f1o pr\u00f3ximo, precisamos confianza y optimismo del pa\u00eds para el equipo\u00bb, afirm\u00f3 el presidente de la DFB, Bernd Neuendorf.<\/p>\n<p>\u00abFue una de las decisiones m\u00e1s dif\u00edciles que tuve que tomar durante mi ciclo porque realmente respeto a Hansi Flick y a sus asistentes, en lo profesional y en lo personal\u00bb, agreg\u00f3 Neuendorf.<\/p>\n<p>\u00abEl \u00e9xito deportivo es de lo m\u00e1s importante para la DFB, y es el motivo por el cual deb\u00edamos tomar esta decisi\u00f3n\u00bb, complet\u00f3 Neuendorf, quien confirm\u00f3 tambi\u00e9n las partidas de Marcus Sorg y Danny Rohl, asistentes de Flick.<\/p>\n<p>\u00abMe quedo a pelear. Estamos aqu\u00ed, seguimos peleando\u00bb, hab\u00eda aseverado el propio Flick ante 3.500 fan\u00e1ticos que presenciaron el entrenamiento de la selecci\u00f3n alemana en el \u00abNationalmanschafft\u00bb de Wolfsburgo.<\/p>\n<p>La decisi\u00f3n de la DFB se conoce a dos d\u00edas del amistoso previsto contra Francia en Dortmund y a nueve meses de la Eurocopa 2024 prevista justamente en Alemania, que finaliz\u00f3 en el tercer puesto del Grupo E del Mundial de Qatar 2022, pues s\u00f3lo venci\u00f3 por 4-2 a Costa Rica tras perder por 2-1 contra Jap\u00f3n y de empatar 1-1 con Espa\u00f1a.<\/p>\n<p>El entrenador de 58 a\u00f1os hab\u00eda garantizado su intenci\u00f3n de seguir en el cargo pese a reportes de la prensa local de que este lunes se llevar\u00eda a cabo una reuni\u00f3n del comit\u00e9 ejecutivo de la DFB para discutir la continuidad de Flick.<\/p>\n<p>El DT, el primero en ser despedido desde la creaci\u00f3n de la DFB en 1926, ser\u00e1 reemplazado ante Francia por el director deportivo de la entidad, Rudi Voeller, por el entrenador de las selecciones juveniles Hannes Wolf y por Sandro Wagner.<\/p>\n<p>\u00abEn el f\u00fatbol profesional es dif\u00edcil hacer previsiones\u00bb, reconoci\u00f3 el propio Flick, cuya continuidad en el cargo ya estaba en riesgo porque despu\u00e9s de Qatar 2022 la selecci\u00f3n alemana hab\u00eda sumado un triunfo y un empate y hab\u00eda sufrido cuatro derrotas.<\/p>\n<p>Voeller, que ya dirigi\u00f3 a Alemania entre 2000 y 2004, dirigir\u00e1 a Alemania hasta que la DFB designe el reemplazante de Flick, que asumi\u00f3 en 2021 en reemplazo de Joachim Loew y durante su ciclo de 25 partidos s\u00f3lo sum\u00f3 12 triunfos.<\/p>\n","protected":false},"excerpt":{"rendered":"<p>Berl\u00edn.- La Federaci\u00f3n Alemana de F\u00fatbol (DFB) ha comunicado la destituci\u00f3n de Hans-Dieter Flick como t\u00e9cnico de la selecci\u00f3n alemana de F\u00fatbol al d\u00eda siguiente de la inesperada derrota por 4-1 ante Jap\u00f3n en un amistoso disputado en Wolfsburgo. \u00abEl comit\u00e9 acord\u00f3 que la selecci\u00f3n alemana necesita aire fresco tras los decepcionantes resultados recientes. Ante [&hellip;]<\/p>\n","protected":false},"author":2,"featured_media":4000,"comment_status":"open","ping_status":"closed","sticky":false,"template":"","format":"standard","meta":{"_jetpack_memberships_contains_paid_content":false,"footnotes":""},"categories":[7],"tags":[766],"class_list":["post-3999","post","type-post","status-publish","format-standard","has-post-thumbnail","hentry","category-futbol-internacional","tag-bernd-neuendorf"],"jetpack_featured_media_url":"https:\/\/radiocresatelital.com\/wp-content\/uploads\/2023\/09\/imago1010503769h.jpg","jetpack_sharing_enabled":true,"_links":{"self":[{"href":"https:\/\/radiocresatelital.com\/index.php?rest_route=\/wp\/v2\/posts\/3999","targetHints":{"allow":["GET"]}}],"collection":[{"href":"https:\/\/radiocresatelital.com\/index.php?rest_route=\/wp\/v2\/posts"}],"about":[{"href":"https:\/\/radiocresatelital.com\/index.php?rest_route=\/wp\/v2\/types\/post"}],"author":[{"embeddable":true,"href":"https:\/\/radiocresatelital.com\/index.php?rest_route=\/wp\/v2\/users\/2"}],"replies":[{"embeddable":true,"href":"https:\/\/radiocresatelital.com\/index.php?rest_route=%2Fwp%2Fv2%2Fcomments&post=3999"}],"version-history":[{"count":1,"href":"https:\/\/radiocresatelital.com\/index.php?rest_route=\/wp\/v2\/posts\/3999\/revisions"}],"predecessor-version":[{"id":4001,"href":"https:\/\/radiocresatelital.com\/index.php?rest_route=\/wp\/v2\/posts\/3999\/revisions\/4001"}],"wp:featuredmedia":[{"embeddable":true,"href":"https:\/\/radiocresatelital.com\/index.php?rest_route=\/wp\/v2\/media\/4000"}],"wp:attachment":[{"href":"https:\/\/radiocresatelital.com\/index.php?rest_route=%2Fwp%2Fv2%2Fmedia&parent=3999"}],"wp:term":[{"taxonomy":"category","embeddable":true,"href":"https:\/\/radiocresatelital.com\/index.php?rest_route=%2Fwp%2Fv2%2Fcategories&post=3999"},{"taxonomy":"post_tag","embeddable":true,"href":"https:\/\/radiocresatelital.com\/index.php?rest_route=%2Fwp%2Fv2%2Ftags&post=3999"}],"curies":[{"name":"wp","href":"https:\/\/api.w.org\/{rel}","templated":true}]}}